{"id":534,"date":"2022-09-12T16:21:34","date_gmt":"2022-09-12T16:21:34","guid":{"rendered":"https:\/\/apelrionegro.com.ar\/?p=534"},"modified":"2022-10-11T15:43:20","modified_gmt":"2022-10-11T15:43:20","slug":"prevencion-del-consumo-en-el-ambito-laboral","status":"publish","type":"post","link":"https:\/\/apelrionegro.com.ar\/sitio2\/prevencion-del-consumo-en-el-ambito-laboral\/","title":{"rendered":"PREVENCION DEL CONSUMO EN EL AMBITO LABORAL"},"content":{"rendered":"\n<p><img loading=\"lazy\" decoding=\"async\" height=\"16\" width=\"16\" alt=\"&#x2705;\" src=\"https:\/\/static.xx.fbcdn.net\/images\/emoji.php\/v9\/t33\/1\/16\/2705.png\">La Secretar\u00eda de Programaci\u00f3n para la Prevenci\u00f3n de las Adicciones de Apel junto con la Legislatura de R\u00edo Negro, realizar\u00e1n las jornadas de \u00abPrevenci\u00f3n de Consumo en el \u00c1mbito Laboral\u00bb.<\/p>\n\n\n\n<p><img loading=\"lazy\" decoding=\"async\" height=\"16\" width=\"16\" alt=\"&#x1f449;\" src=\"https:\/\/static.xx.fbcdn.net\/images\/emoji.php\/v9\/t51\/1\/16\/1f449.png\">Las Jornadas estar\u00e1n a cargo de la Agencia de Adicciones de la Provincia APASA y se van a desarrollar los d\u00edas 19 y 26 de septiembre, y el 3 de octubre, en la sala del cuarto piso, a partir de las 9. Tendr\u00e1n una carga de 6 horas.<\/p>\n\n\n\n<p>Los temas son:<\/p>\n\n\n\n<p>M\u00f3dulo 1. Introducci\u00f3n a los consumos <a><\/a>problem\u00e1ticos: Complejidad y multicausalidad. Tipos de consumo. Relaci\u00f3n sujeto-sustancia-contexto. \u00c9poca y sociedad de consumo, l\u00f3gicas de consumo. Factores de preotecci\u00f3n y de riesgo.<\/p>\n\n\n\n<p>M\u00f3dulo 2. Prevenci\u00f3n de los consumos problem\u00e1ticos en el \u00e1mbito laboral. Cultura organizacional preventiva y de cuidado, promoviendo espacios laborales saludables.<\/p>\n\n\n\n<p>M\u00f3dulo 3. Herramienta para trabajar la prevenci\u00f3n y el acompa\u00f1amiento en los casos de los consumos problem\u00e1ticos: Preventores, columna vertebral de la prevenci\u00f3n en el \u00e1mbito laboral. Redes de Preventores.<\/p>\n\n\n\n<p><img loading=\"lazy\" decoding=\"async\" height=\"16\" width=\"16\" alt=\"&#x1f4cb;\" src=\"https:\/\/static.xx.fbcdn.net\/images\/emoji.php\/v9\/t2b\/1\/16\/1f4cb.png\">Inscripci\u00f3n: <a href=\"https:\/\/forms.gle\/9UEZj3CuwkvcTrnj7?fbclid=IwAR1ENs-7oih3Mp2UFEX84lNLACPLzlyWK5Euinb4ydkLkIi_v60wI_dg5pk\" rel=\"noreferrer noopener\" target=\"_blank\">https:\/\/forms.gle\/9UEZj3CuwkvcTrnj7<\/a><\/p>\n","protected":false},"excerpt":{"rendered":"<p>La Secretar\u00eda de Programaci\u00f3n para la Prevenci\u00f3n de las Adicciones de Apel junto con la Legislatura de R\u00edo Negro, realizar\u00e1n las jornadas de \u00abPrevenci\u00f3n de Consumo en el \u00c1mbito Laboral\u00bb. Las Jornadas estar\u00e1n a cargo de la Agencia de Adicciones de la Provincia APASA y se van a desarrollar los d\u00edas 19 y 26 de [&hellip;]<\/p>\n","protected":false},"author":3,"featured_media":535,"comment_status":"open","ping_status":"open","sticky":false,"template":"","format":"standard","meta":{"footnotes":""},"categories":[12],"tags":[],"class_list":["post-534","post","type-post","status-publish","format-standard","has-post-thumbnail","hentry","category-capacitacion"],"_links":{"self":[{"href":"https:\/\/apelrionegro.com.ar\/sitio2\/wp-json\/wp\/v2\/posts\/534","targetHints":{"allow":["GET"]}}],"collection":[{"href":"https:\/\/apelrionegro.com.ar\/sitio2\/wp-json\/wp\/v2\/posts"}],"about":[{"href":"https:\/\/apelrionegro.com.ar\/sitio2\/wp-json\/wp\/v2\/types\/post"}],"author":[{"embeddable":true,"href":"https:\/\/apelrionegro.com.ar\/sitio2\/wp-json\/wp\/v2\/users\/3"}],"replies":[{"embeddable":true,"href":"https:\/\/apelrionegro.com.ar\/sitio2\/wp-json\/wp\/v2\/comments?post=534"}],"version-history":[{"count":1,"href":"https:\/\/apelrionegro.com.ar\/sitio2\/wp-json\/wp\/v2\/posts\/534\/revisions"}],"predecessor-version":[{"id":536,"href":"https:\/\/apelrionegro.com.ar\/sitio2\/wp-json\/wp\/v2\/posts\/534\/revisions\/536"}],"wp:featuredmedia":[{"embeddable":true,"href":"https:\/\/apelrionegro.com.ar\/sitio2\/wp-json\/wp\/v2\/media\/535"}],"wp:attachment":[{"href":"https:\/\/apelrionegro.com.ar\/sitio2\/wp-json\/wp\/v2\/media?parent=534"}],"wp:term":[{"taxonomy":"category","embeddable":true,"href":"https:\/\/apelrionegro.com.ar\/sitio2\/wp-json\/wp\/v2\/categories?post=534"},{"taxonomy":"post_tag","embeddable":true,"href":"https:\/\/apelrionegro.com.ar\/sitio2\/wp-json\/wp\/v2\/tags?post=534"}],"curies":[{"name":"wp","href":"https:\/\/api.w.org\/{rel}","templated":true}]}}