{"id":490,"date":"2022-08-24T12:35:16","date_gmt":"2022-08-24T12:35:16","guid":{"rendered":"https:\/\/apelrionegro.com.ar\/?p=490"},"modified":"2022-09-06T16:20:56","modified_gmt":"2022-09-06T16:20:56","slug":"diplomatura-de-extension-universitaria-en-competencias-gremiales","status":"publish","type":"post","link":"https:\/\/apelrionegro.com.ar\/sitio2\/diplomatura-de-extension-universitaria-en-competencias-gremiales\/","title":{"rendered":"DIPLOMATURA DE EXTENSION UNIVERSITARIA EN COMPETENCIAS GREMIALES"},"content":{"rendered":"\n<p>La Secretar\u00eda de Capacitaci\u00f3n y Educaci\u00f3n para el Trabajo de APEL invita a todos sus afiliados a sumarse a la Diplomatura de Competencias Gremiales que dictar\u00e1 la Universidad Nacional de R\u00edo Negro desde el 02\/09\/2022. Dicha diplomatura tendr\u00e1 una duraci\u00f3n de 4 meses. Ser\u00e1 dictada un 80% v\u00eda virtual sincr\u00f3nica y un 20% presencial. La preinscripci\u00f3n finaliza el d\u00eda 26\/08\/2022 a las 12 hs o hasta agotar el cupo, lo que suceda primero.<\/p>\n\n\n\n<p><img loading=\"lazy\" decoding=\"async\" height=\"16\" width=\"16\" alt=\"&#x1f449;\" src=\"https:\/\/static.xx.fbcdn.net\/images\/emoji.php\/v9\/t51\/1\/16\/1f449.png\">Para dicha diplomatura s\u00f3lo ser\u00e1 <a><\/a>requisito contar con t\u00edtulo secundario y el pago (en cuotas) del arancel de $16.000, el que costea la diplomatura en su totalidad.<\/p>\n\n\n\n<p><img loading=\"lazy\" decoding=\"async\" height=\"16\" width=\"16\" alt=\"&#x1f449;\" src=\"https:\/\/static.xx.fbcdn.net\/images\/emoji.php\/v9\/t51\/1\/16\/1f449.png\">Desde el sindicato seguimos trabajando en cumplir lo prometido, acercar las herramientas a todos los afiliados para capacitarse en la tem\u00e1tica sindical.<\/p>\n\n\n\n<p><img loading=\"lazy\" decoding=\"async\" height=\"16\" width=\"16\" alt=\"&#x2705;\" src=\"https:\/\/static.xx.fbcdn.net\/images\/emoji.php\/v9\/t33\/1\/16\/2705.png\"> La preinscripci\u00f3n se realiza en el link: <a href=\"https:\/\/l.facebook.com\/l.php?u=https%3A%2F%2Fdocs.google.com%2Fforms%2Fd%2F1j7ajOucP6zWfY7Cd0X82gWauWzSyd3uE5ImIusX9Va8%2Fedit%3Ffbclid%3DIwAR2QTD_ReJiqAO3oldnhfAOaZnu6NNkNK0zSQ8iRMI9pj8iuFokNWkUDwzE&amp;h=AT0zSWSegIRC4wU90tBphXTSEvl989FmHPbMhABKBgS9aq8B6nmgZJluZxPmECSFj-fGlfQV1cLDRSgtR4ZA5q3G-5aB95yGW51FggGI6nLoa5nO7ChKwaPESQ&amp;__tn__=-UK-R&amp;c[0]=AT396MO1hHlta9t-LHYo-LcbiXqUHGUkdM5lGorSoHV_i4go-sFdb0nr866V-FDMP4BQyqMXMWzlXK54F_5ONcK5xBQBEZYnzHND2QdYL86_mLoH3keIDJc2vA-PoQFUGaWui8-iIWFT4g6wpAMVOF5n13qlbeMaBNQm9pd9xlOxPMEt-9ipKuzu1tZ4lmANRHgCgZaC\" rel=\"noreferrer noopener\" target=\"_blank\">https:\/\/docs.google.com\/&#8230;\/1j7ajOucP6zWfY7Cd0X82gWa&#8230;\/edit<\/a><\/p>\n\n\n\n<p><img loading=\"lazy\" decoding=\"async\" height=\"16\" width=\"16\" alt=\"&#x2705;\" src=\"https:\/\/static.xx.fbcdn.net\/images\/emoji.php\/v9\/t33\/1\/16\/2705.png\"> Una vez preinscriptos, solicitamos informar a la Secretar\u00eda, al email capacitacion@apelrionegro.com.ar, a fin de poder hacer el acompa\u00f1amiento correspondiente.<\/p>\n\n\n\n<p>SECRETAR\u00cdA DE CAPACITACI\u00d3N Y EDUCACI\u00d3N PARA EL TRABAJO &#8211; APEL<\/p>\n","protected":false},"excerpt":{"rendered":"<p>La Secretar\u00eda de Capacitaci\u00f3n y Educaci\u00f3n para el Trabajo de APEL invita a todos sus afiliados a sumarse a la Diplomatura de Competencias Gremiales que dictar\u00e1 la Universidad Nacional de R\u00edo Negro desde el 02\/09\/2022. Dicha diplomatura tendr\u00e1 una duraci\u00f3n de 4 meses. Ser\u00e1 dictada un 80% v\u00eda virtual sincr\u00f3nica y un 20% presencial. La [&hellip;]<\/p>\n","protected":false},"author":3,"featured_media":491,"comment_status":"open","ping_status":"open","sticky":false,"template":"","format":"standard","meta":{"footnotes":""},"categories":[12],"tags":[],"class_list":["post-490","post","type-post","status-publish","format-standard","has-post-thumbnail","hentry","category-capacitacion"],"_links":{"self":[{"href":"https:\/\/apelrionegro.com.ar\/sitio2\/wp-json\/wp\/v2\/posts\/490","targetHints":{"allow":["GET"]}}],"collection":[{"href":"https:\/\/apelrionegro.com.ar\/sitio2\/wp-json\/wp\/v2\/posts"}],"about":[{"href":"https:\/\/apelrionegro.com.ar\/sitio2\/wp-json\/wp\/v2\/types\/post"}],"author":[{"embeddable":true,"href":"https:\/\/apelrionegro.com.ar\/sitio2\/wp-json\/wp\/v2\/users\/3"}],"replies":[{"embeddable":true,"href":"https:\/\/apelrionegro.com.ar\/sitio2\/wp-json\/wp\/v2\/comments?post=490"}],"version-history":[{"count":1,"href":"https:\/\/apelrionegro.com.ar\/sitio2\/wp-json\/wp\/v2\/posts\/490\/revisions"}],"predecessor-version":[{"id":492,"href":"https:\/\/apelrionegro.com.ar\/sitio2\/wp-json\/wp\/v2\/posts\/490\/revisions\/492"}],"wp:featuredmedia":[{"embeddable":true,"href":"https:\/\/apelrionegro.com.ar\/sitio2\/wp-json\/wp\/v2\/media\/491"}],"wp:attachment":[{"href":"https:\/\/apelrionegro.com.ar\/sitio2\/wp-json\/wp\/v2\/media?parent=490"}],"wp:term":[{"taxonomy":"category","embeddable":true,"href":"https:\/\/apelrionegro.com.ar\/sitio2\/wp-json\/wp\/v2\/categories?post=490"},{"taxonomy":"post_tag","embeddable":true,"href":"https:\/\/apelrionegro.com.ar\/sitio2\/wp-json\/wp\/v2\/tags?post=490"}],"curies":[{"name":"wp","href":"https:\/\/api.w.org\/{rel}","templated":true}]}}