{"id":465,"date":"2022-08-21T13:09:11","date_gmt":"2022-08-21T13:09:11","guid":{"rendered":"https:\/\/apelrionegro.com.ar\/?p=465"},"modified":"2022-08-31T12:58:06","modified_gmt":"2022-08-31T12:58:06","slug":"comunicado-oficial-apel-rio-negro","status":"publish","type":"post","link":"https:\/\/apelrionegro.com.ar\/sitio2\/comunicado-oficial-apel-rio-negro\/","title":{"rendered":"COMUNICADO OFICIAL &#8211; APEL RIO NEGRO"},"content":{"rendered":"\n<p>Se les comunica a todos los afiliados y afiliadas a la Asociaci\u00f3n Personal Empleados Legislativos para el d\u00eda lunes 22 de agosto del 2022 a las 09.00hs en la Sede Central del Gremio, sita calle Guatemala 229, se realizar\u00e1 un Plenario de Afiliados con motivo de evaluar propuesta salarial.<\/p>\n","protected":false},"excerpt":{"rendered":"<p>Se les comunica a todos los afiliados y afiliadas a la Asociaci\u00f3n Personal Empleados Legislativos para el d\u00eda lunes 22 de agosto del 2022 a las 09.00hs en la Sede Central del Gremio, sita calle Guatemala 229, se realizar\u00e1 un Plenario de Afiliados con motivo de evaluar propuesta salarial.<\/p>\n","protected":false},"author":3,"featured_media":308,"comment_status":"open","ping_status":"open","sticky":false,"template":"","format":"standard","meta":{"footnotes":""},"categories":[4],"tags":[],"class_list":["post-465","post","type-post","status-publish","format-standard","has-post-thumbnail","hentry","category-eventos"],"_links":{"self":[{"href":"https:\/\/apelrionegro.com.ar\/sitio2\/wp-json\/wp\/v2\/posts\/465","targetHints":{"allow":["GET"]}}],"collection":[{"href":"https:\/\/apelrionegro.com.ar\/sitio2\/wp-json\/wp\/v2\/posts"}],"about":[{"href":"https:\/\/apelrionegro.com.ar\/sitio2\/wp-json\/wp\/v2\/types\/post"}],"author":[{"embeddable":true,"href":"https:\/\/apelrionegro.com.ar\/sitio2\/wp-json\/wp\/v2\/users\/3"}],"replies":[{"embeddable":true,"href":"https:\/\/apelrionegro.com.ar\/sitio2\/wp-json\/wp\/v2\/comments?post=465"}],"version-history":[{"count":2,"href":"https:\/\/apelrionegro.com.ar\/sitio2\/wp-json\/wp\/v2\/posts\/465\/revisions"}],"predecessor-version":[{"id":467,"href":"https:\/\/apelrionegro.com.ar\/sitio2\/wp-json\/wp\/v2\/posts\/465\/revisions\/467"}],"wp:featuredmedia":[{"embeddable":true,"href":"https:\/\/apelrionegro.com.ar\/sitio2\/wp-json\/wp\/v2\/media\/308"}],"wp:attachment":[{"href":"https:\/\/apelrionegro.com.ar\/sitio2\/wp-json\/wp\/v2\/media?parent=465"}],"wp:term":[{"taxonomy":"category","embeddable":true,"href":"https:\/\/apelrionegro.com.ar\/sitio2\/wp-json\/wp\/v2\/categories?post=465"},{"taxonomy":"post_tag","embeddable":true,"href":"https:\/\/apelrionegro.com.ar\/sitio2\/wp-json\/wp\/v2\/tags?post=465"}],"curies":[{"name":"wp","href":"https:\/\/api.w.org\/{rel}","templated":true}]}}