{"id":448,"date":"2022-08-18T13:59:32","date_gmt":"2022-08-18T13:59:32","guid":{"rendered":"https:\/\/apelrionegro.com.ar\/?p=448"},"modified":"2022-09-06T16:20:38","modified_gmt":"2022-09-06T16:20:38","slug":"certificado-de-habilitacion-comercial","status":"publish","type":"post","link":"https:\/\/apelrionegro.com.ar\/sitio2\/certificado-de-habilitacion-comercial\/","title":{"rendered":"CERTIFICADO DE HABILITACION COMERCIAL"},"content":{"rendered":"\n<p>Peque\u00f1os pasos en pos de la transparencia y legalidad de nuestro querido gremio, como el pago de cargas sociales de nuestros trabajadores, de aguinaldos y dem\u00e1s cosas. La mejor representaci\u00f3n sindical para los afiliados y trabajadores legislativos es tener un gremio que trabaje con transparencia, comunicaci\u00f3n y legalidad. <\/p>\n\n\n\n<p>El 10 de agosto de 2022 la Municipalidad de Viedma extendi\u00f3 a nuestro gremio el Certificado de Habilitaci\u00f3n de Comercio e Industria, el cu\u00e1l fue reca\u00eddo en el a\u00f1o 2016.<\/p>\n\n\n\n<p><a href=\"https:\/\/www.facebook.com\/hashtag\/apelr%C3%ADonegro?__eep__=6&amp;__cft__[0]=AZVGLXjDjKRv72Ti06-IZjXR-gdH_5FunjDi3Ca3ASHWS7exDHdJH4gicJGgEwRY0drS7xo8NMQJW275-YP7cOGwCZ1SWTqCLB9W3rh3E3Nox3r3zS_ZcvR_2NQGxGmhwYy23qYUvkf_IHmhJh4xxy9FTBuJuyLsHcrb3xLTeWBC0Q&amp;__tn__=*NK-R\">#ApelR\u00edoNegro<\/a><\/p>\n\n\n\n<p><a href=\"https:\/\/www.facebook.com\/hashtag\/habilitaci%C3%B3n?__eep__=6&amp;__cft__[0]=AZVGLXjDjKRv72Ti06-IZjXR-gdH_5FunjDi3Ca3ASHWS7exDHdJH4gicJGgEwRY0drS7xo8NMQJW275-YP7cOGwCZ1SWTqCLB9W3rh3E3Nox3r3zS_ZcvR_2NQGxGmhwYy23qYUvkf_IHmhJh4xxy9FTBuJuyLsHcrb3xLTeWBC0Q&amp;__tn__=*NK-R\">#Habilitaci\u00f3n<\/a><\/p>\n","protected":false},"excerpt":{"rendered":"<p>Peque\u00f1os pasos en pos de la transparencia y legalidad de nuestro querido gremio, como el pago de cargas sociales de nuestros trabajadores, de aguinaldos y dem\u00e1s cosas. La mejor representaci\u00f3n sindical para los afiliados y trabajadores legislativos es tener un gremio que trabaje con transparencia, comunicaci\u00f3n y legalidad. El 10 de agosto de 2022 la [&hellip;]<\/p>\n","protected":false},"author":3,"featured_media":447,"comment_status":"open","ping_status":"open","sticky":false,"template":"","format":"standard","meta":{"footnotes":""},"categories":[4],"tags":[],"class_list":["post-448","post","type-post","status-publish","format-standard","has-post-thumbnail","hentry","category-eventos"],"_links":{"self":[{"href":"https:\/\/apelrionegro.com.ar\/sitio2\/wp-json\/wp\/v2\/posts\/448","targetHints":{"allow":["GET"]}}],"collection":[{"href":"https:\/\/apelrionegro.com.ar\/sitio2\/wp-json\/wp\/v2\/posts"}],"about":[{"href":"https:\/\/apelrionegro.com.ar\/sitio2\/wp-json\/wp\/v2\/types\/post"}],"author":[{"embeddable":true,"href":"https:\/\/apelrionegro.com.ar\/sitio2\/wp-json\/wp\/v2\/users\/3"}],"replies":[{"embeddable":true,"href":"https:\/\/apelrionegro.com.ar\/sitio2\/wp-json\/wp\/v2\/comments?post=448"}],"version-history":[{"count":1,"href":"https:\/\/apelrionegro.com.ar\/sitio2\/wp-json\/wp\/v2\/posts\/448\/revisions"}],"predecessor-version":[{"id":449,"href":"https:\/\/apelrionegro.com.ar\/sitio2\/wp-json\/wp\/v2\/posts\/448\/revisions\/449"}],"wp:featuredmedia":[{"embeddable":true,"href":"https:\/\/apelrionegro.com.ar\/sitio2\/wp-json\/wp\/v2\/media\/447"}],"wp:attachment":[{"href":"https:\/\/apelrionegro.com.ar\/sitio2\/wp-json\/wp\/v2\/media?parent=448"}],"wp:term":[{"taxonomy":"category","embeddable":true,"href":"https:\/\/apelrionegro.com.ar\/sitio2\/wp-json\/wp\/v2\/categories?post=448"},{"taxonomy":"post_tag","embeddable":true,"href":"https:\/\/apelrionegro.com.ar\/sitio2\/wp-json\/wp\/v2\/tags?post=448"}],"curies":[{"name":"wp","href":"https:\/\/api.w.org\/{rel}","templated":true}]}}