{"id":441,"date":"2022-08-17T13:37:33","date_gmt":"2022-08-17T13:37:33","guid":{"rendered":"https:\/\/apelrionegro.com.ar\/?p=441"},"modified":"2022-09-06T16:21:14","modified_gmt":"2022-09-06T16:21:14","slug":"asamblea","status":"publish","type":"post","link":"https:\/\/apelrionegro.com.ar\/sitio2\/asamblea\/","title":{"rendered":"ASAMBLEA"},"content":{"rendered":"\n<p class=\"has-black-color has-text-color has-background\" style=\"background-color:#e0dcdc\">LA COMISI\u00d3N DIRECTIVA DE APEL, CONVOCA A UNA REUNI\u00d3N SOBRE PARITARIAS, A TODOS LOS EMPLEADOS LEGISLATIVOS Y \u00d3RGANOS DE CONTROL, PARA EL D\u00cdA 18 DE AGOSTO DE 2022 A LAS 9hs. EN EL HALL DE LA LEGISLATURA.<\/p>\n\n\n\n<p><a href=\"https:\/\/www.facebook.com\/hashtag\/apelrionegro?__eep__=6&amp;__cft__[0]=AZWQTX4HCDGApvPI1FMiiXBUxzLi01rAjW7iP4wZiAG7Zy0R3ivbzUhPfLcdWluWt4u9kKzkAqpZZR5njSbn6R7Eg87jL9NXa3SwWazQBHJvYmqf6CbuqsRSV9R30Lw18D42X3Fu2VB90P-Ryy48mQIzmwdlZVSOnpFQhLbP2y4Png&amp;__tn__=*NK-R\">#ApelRioNegro<\/a><\/p>\n\n\n\n<p><a href=\"https:\/\/www.facebook.com\/hashtag\/paritarias?__eep__=6&amp;__cft__[0]=AZWQTX4HCDGApvPI1FMiiXBUxzLi01rAjW7iP4wZiAG7Zy0R3ivbzUhPfLcdWluWt4u9kKzkAqpZZR5njSbn6R7Eg87jL9NXa3SwWazQBHJvYmqf6CbuqsRSV9R30Lw18D42X3Fu2VB90P-Ryy48mQIzmwdlZVSOnpFQhLbP2y4Png&amp;__tn__=*NK-R\">#Paritarias<\/a><\/p>\n","protected":false},"excerpt":{"rendered":"<p>LA COMISI\u00d3N DIRECTIVA DE APEL, CONVOCA A UNA REUNI\u00d3N SOBRE PARITARIAS, A TODOS LOS EMPLEADOS LEGISLATIVOS Y \u00d3RGANOS DE CONTROL, PARA EL D\u00cdA 18 DE AGOSTO DE 2022 A LAS 9hs. EN EL HALL DE LA LEGISLATURA. #ApelRioNegro #Paritarias<\/p>\n","protected":false},"author":3,"featured_media":308,"comment_status":"open","ping_status":"open","sticky":false,"template":"","format":"standard","meta":{"footnotes":""},"categories":[4],"tags":[],"class_list":["post-441","post","type-post","status-publish","format-standard","has-post-thumbnail","hentry","category-eventos"],"_links":{"self":[{"href":"https:\/\/apelrionegro.com.ar\/sitio2\/wp-json\/wp\/v2\/posts\/441","targetHints":{"allow":["GET"]}}],"collection":[{"href":"https:\/\/apelrionegro.com.ar\/sitio2\/wp-json\/wp\/v2\/posts"}],"about":[{"href":"https:\/\/apelrionegro.com.ar\/sitio2\/wp-json\/wp\/v2\/types\/post"}],"author":[{"embeddable":true,"href":"https:\/\/apelrionegro.com.ar\/sitio2\/wp-json\/wp\/v2\/users\/3"}],"replies":[{"embeddable":true,"href":"https:\/\/apelrionegro.com.ar\/sitio2\/wp-json\/wp\/v2\/comments?post=441"}],"version-history":[{"count":1,"href":"https:\/\/apelrionegro.com.ar\/sitio2\/wp-json\/wp\/v2\/posts\/441\/revisions"}],"predecessor-version":[{"id":442,"href":"https:\/\/apelrionegro.com.ar\/sitio2\/wp-json\/wp\/v2\/posts\/441\/revisions\/442"}],"wp:featuredmedia":[{"embeddable":true,"href":"https:\/\/apelrionegro.com.ar\/sitio2\/wp-json\/wp\/v2\/media\/308"}],"wp:attachment":[{"href":"https:\/\/apelrionegro.com.ar\/sitio2\/wp-json\/wp\/v2\/media?parent=441"}],"wp:term":[{"taxonomy":"category","embeddable":true,"href":"https:\/\/apelrionegro.com.ar\/sitio2\/wp-json\/wp\/v2\/categories?post=441"},{"taxonomy":"post_tag","embeddable":true,"href":"https:\/\/apelrionegro.com.ar\/sitio2\/wp-json\/wp\/v2\/tags?post=441"}],"curies":[{"name":"wp","href":"https:\/\/api.w.org\/{rel}","templated":true}]}}