{"id":186,"date":"2022-05-26T23:57:15","date_gmt":"2022-05-26T23:57:15","guid":{"rendered":"https:\/\/apelrionegro.com.ar\/?p=186"},"modified":"2022-06-21T12:01:40","modified_gmt":"2022-06-21T12:01:40","slug":"hoy-la-secretaria-de-la-mujer-la-secretaria-de-derechos-humanos-y-secretaria-de-prensa-participaron-del-ciclo-de-charlas-genero-y-diversidad-organizado-por-el-instituto-de-genero-del-colegio-de","status":"publish","type":"post","link":"https:\/\/apelrionegro.com.ar\/sitio2\/hoy-la-secretaria-de-la-mujer-la-secretaria-de-derechos-humanos-y-secretaria-de-prensa-participaron-del-ciclo-de-charlas-genero-y-diversidad-organizado-por-el-instituto-de-genero-del-colegio-de\/","title":{"rendered":"Hoy la Secretaria de la Mujer, la Secretaria de Derechos Humanos y Secretaria de Prensa participaron del Ciclo de Charlas \u00abG\u00e9nero y Diversidad\u00bb, organizado por el Instituto de G\u00e9nero del Colegio de Abogados."},"content":{"rendered":"\n<p><img loading=\"lazy\" decoding=\"async\" height=\"16\" width=\"16\" alt=\"&#x2714;&#xfe0f;\" src=\"https:\/\/static.xx.fbcdn.net\/images\/emoji.php\/v9\/t51\/1\/16\/2714.png\">Disertante: Dra. Mariana Rulli. Tema: Institucionalidad de g\u00e9nero (s), derechos y pol\u00edtica (s).<\/p>\n\n\n\n<p><a href=\"https:\/\/www.facebook.com\/hashtag\/apelr%C3%ADonegro?__eep__=6&amp;__cft__[0]=AZWeGygq7Y1XCu1FY2xW1Izh5qH42N2Ej63_WU_ea7tEowhcDT5qPjPxNL3URXEYRsTTk6eZPzE3cxt61xbJhHCkrn7Kj07QNvuCh5aI6ZXYg3yr0O32zaeXAionjsC1pgvkvm7ngMUuln3Y769Ih5hDUXTKTYlmW7ZfJelqDsG2rA&amp;__tn__=*NK-R\">#ApelR\u00edoNegro<\/a><\/p>\n\n\n\n<p><a href=\"https:\/\/www.facebook.com\/hashtag\/g%C3%A9neroydiversidad?__eep__=6&amp;__cft__[0]=AZWeGygq7Y1XCu1FY2xW1Izh5qH42N2Ej63_WU_ea7tEowhcDT5qPjPxNL3URXEYRsTTk6eZPzE3cxt61xbJhHCkrn7Kj07QNvuCh5aI6ZXYg3yr0O32zaeXAionjsC1pgvkvm7ngMUuln3Y769Ih5hDUXTKTYlmW7ZfJelqDsG2rA&amp;__tn__=*NK-R\">#G\u00e9neroydiversidad<\/a><\/p>\n","protected":false},"excerpt":{"rendered":"<p>Disertante: Dra. Mariana Rulli. Tema: Institucionalidad de g\u00e9nero (s), derechos y pol\u00edtica (s). #ApelR\u00edoNegro #G\u00e9neroydiversidad<\/p>\n","protected":false},"author":3,"featured_media":185,"comment_status":"open","ping_status":"open","sticky":false,"template":"","format":"standard","meta":{"footnotes":""},"categories":[4],"tags":[],"class_list":["post-186","post","type-post","status-publish","format-standard","has-post-thumbnail","hentry","category-eventos"],"_links":{"self":[{"href":"https:\/\/apelrionegro.com.ar\/sitio2\/wp-json\/wp\/v2\/posts\/186","targetHints":{"allow":["GET"]}}],"collection":[{"href":"https:\/\/apelrionegro.com.ar\/sitio2\/wp-json\/wp\/v2\/posts"}],"about":[{"href":"https:\/\/apelrionegro.com.ar\/sitio2\/wp-json\/wp\/v2\/types\/post"}],"author":[{"embeddable":true,"href":"https:\/\/apelrionegro.com.ar\/sitio2\/wp-json\/wp\/v2\/users\/3"}],"replies":[{"embeddable":true,"href":"https:\/\/apelrionegro.com.ar\/sitio2\/wp-json\/wp\/v2\/comments?post=186"}],"version-history":[{"count":1,"href":"https:\/\/apelrionegro.com.ar\/sitio2\/wp-json\/wp\/v2\/posts\/186\/revisions"}],"predecessor-version":[{"id":187,"href":"https:\/\/apelrionegro.com.ar\/sitio2\/wp-json\/wp\/v2\/posts\/186\/revisions\/187"}],"wp:featuredmedia":[{"embeddable":true,"href":"https:\/\/apelrionegro.com.ar\/sitio2\/wp-json\/wp\/v2\/media\/185"}],"wp:attachment":[{"href":"https:\/\/apelrionegro.com.ar\/sitio2\/wp-json\/wp\/v2\/media?parent=186"}],"wp:term":[{"taxonomy":"category","embeddable":true,"href":"https:\/\/apelrionegro.com.ar\/sitio2\/wp-json\/wp\/v2\/categories?post=186"},{"taxonomy":"post_tag","embeddable":true,"href":"https:\/\/apelrionegro.com.ar\/sitio2\/wp-json\/wp\/v2\/tags?post=186"}],"curies":[{"name":"wp","href":"https:\/\/api.w.org\/{rel}","templated":true}]}}