{"id":1593,"date":"2024-02-24T14:17:38","date_gmt":"2024-02-24T14:17:38","guid":{"rendered":"https:\/\/apelrionegro.com.ar\/sitio2\/?p=1593"},"modified":"2024-03-15T14:18:25","modified_gmt":"2024-03-15T14:18:25","slug":"acta-de-asamblea-de-afiliados-asociacion-personal-de-empleados-legislativos","status":"publish","type":"post","link":"https:\/\/apelrionegro.com.ar\/sitio2\/acta-de-asamblea-de-afiliados-asociacion-personal-de-empleados-legislativos\/","title":{"rendered":"ACTA DE ASAMBLEA DE AFILIADOS ASOCIACI\u00d3N PERSONAL DE EMPLEADOS LEGISLATIVOS"},"content":{"rendered":"\n<p><img loading=\"lazy\" decoding=\"async\" height=\"16\" width=\"16\" alt=\"&#x1f449;\" src=\"https:\/\/static.xx.fbcdn.net\/images\/emoji.php\/v9\/t51\/1\/16\/1f449.png\"> Se adjunta copia del acta, d\u00f3nde se resolvi\u00f3 por unanimidad mantener la medida de fuerza con el \u00fanico fin de recomponer nuestro salario.<\/p>\n\n\n\n<p><img loading=\"lazy\" decoding=\"async\" height=\"16\" width=\"16\" alt=\"&#x1f4aa;\" src=\"https:\/\/static.xx.fbcdn.net\/images\/emoji.php\/v9\/t6c\/1\/16\/1f4aa.png\"> Estado de Asamblea Permanente, Paro y Movilizaci\u00f3n de 24 horas para los d\u00edas 28 de febrero y 1 de marzo\/2024.<\/p>\n\n\n\n<p><a href=\"https:\/\/www.facebook.com\/hashtag\/apelpresente?__eep__=6&amp;__cft__[0]=AZWqWzRVX7020Go1TWEZ6DsKShD3wnk6ck4R_mZ2SGYan1M4pThr8OS3nnM5kir8-_IgOXY_RToQmEqnaJnU9HWH_6Y_e-5wt4V5awu6h6iX1RVd3TxMq2BBimX_Nrud55dcKSYWO50OKNQXKzn1J4TBF9F9Qytjsf6pN0oVmSnbfjJ-NzpAseL1HJc0RaXfXRk&amp;__tn__=*NK-R\">#apelpresente<\/a><\/p>\n","protected":false},"excerpt":{"rendered":"<p>Se adjunta copia del acta, d\u00f3nde se resolvi\u00f3 por unanimidad mantener la medida de fuerza con el \u00fanico fin de recomponer nuestro salario. Estado de Asamblea Permanente, Paro y Movilizaci\u00f3n de 24 horas para los d\u00edas 28 de febrero y 1 de marzo\/2024. #apelpresente<\/p>\n","protected":false},"author":3,"featured_media":1594,"comment_status":"open","ping_status":"open","sticky":false,"template":"","format":"standard","meta":{"footnotes":""},"categories":[7],"tags":[],"class_list":["post-1593","post","type-post","status-publish","format-standard","has-post-thumbnail","hentry","category-noticias"],"_links":{"self":[{"href":"https:\/\/apelrionegro.com.ar\/sitio2\/wp-json\/wp\/v2\/posts\/1593","targetHints":{"allow":["GET"]}}],"collection":[{"href":"https:\/\/apelrionegro.com.ar\/sitio2\/wp-json\/wp\/v2\/posts"}],"about":[{"href":"https:\/\/apelrionegro.com.ar\/sitio2\/wp-json\/wp\/v2\/types\/post"}],"author":[{"embeddable":true,"href":"https:\/\/apelrionegro.com.ar\/sitio2\/wp-json\/wp\/v2\/users\/3"}],"replies":[{"embeddable":true,"href":"https:\/\/apelrionegro.com.ar\/sitio2\/wp-json\/wp\/v2\/comments?post=1593"}],"version-history":[{"count":1,"href":"https:\/\/apelrionegro.com.ar\/sitio2\/wp-json\/wp\/v2\/posts\/1593\/revisions"}],"predecessor-version":[{"id":1595,"href":"https:\/\/apelrionegro.com.ar\/sitio2\/wp-json\/wp\/v2\/posts\/1593\/revisions\/1595"}],"wp:featuredmedia":[{"embeddable":true,"href":"https:\/\/apelrionegro.com.ar\/sitio2\/wp-json\/wp\/v2\/media\/1594"}],"wp:attachment":[{"href":"https:\/\/apelrionegro.com.ar\/sitio2\/wp-json\/wp\/v2\/media?parent=1593"}],"wp:term":[{"taxonomy":"category","embeddable":true,"href":"https:\/\/apelrionegro.com.ar\/sitio2\/wp-json\/wp\/v2\/categories?post=1593"},{"taxonomy":"post_tag","embeddable":true,"href":"https:\/\/apelrionegro.com.ar\/sitio2\/wp-json\/wp\/v2\/tags?post=1593"}],"curies":[{"name":"wp","href":"https:\/\/api.w.org\/{rel}","templated":true}]}}