{"id":1555,"date":"2023-12-12T14:43:45","date_gmt":"2023-12-12T14:43:45","guid":{"rendered":"https:\/\/apelrionegro.com.ar\/sitio2\/?p=1555"},"modified":"2023-12-12T14:43:45","modified_gmt":"2023-12-12T14:43:45","slug":"apel-los-invita-a-la-colonia-de-vacaciones-para-personas-adultos","status":"publish","type":"post","link":"https:\/\/apelrionegro.com.ar\/sitio2\/apel-los-invita-a-la-colonia-de-vacaciones-para-personas-adultos\/","title":{"rendered":"APEL los invita a la \u00abColonia de Vacaciones para personas Adultos\u00bb"},"content":{"rendered":"\n<p><img loading=\"lazy\" decoding=\"async\" height=\"16\" width=\"16\" alt=\"&#x1f449;\" src=\"https:\/\/static.xx.fbcdn.net\/images\/emoji.php\/v9\/t51\/1\/16\/1f449.png\">Las actividades ser\u00e1n juegos interactivos y pileta libre.<\/p>\n\n\n\n<p><img loading=\"lazy\" decoding=\"async\" height=\"16\" width=\"16\" alt=\"&#x1f449;\" src=\"https:\/\/static.xx.fbcdn.net\/images\/emoji.php\/v9\/t51\/1\/16\/1f449.png\"> A partir de los 50 a\u00f1os.<\/p>\n\n\n\n<p><img loading=\"lazy\" decoding=\"async\" height=\"16\" width=\"16\" alt=\"&#x1f449;\" src=\"https:\/\/static.xx.fbcdn.net\/images\/emoji.php\/v9\/t51\/1\/16\/1f449.png\"> Comienza el d\u00eda 14 de diciembre del 2023 en las instalaciones de APEL, los d\u00edas martes, mi\u00e9rcoles y jueves de 9 a 12 horas.<\/p>\n\n\n\n<p><img loading=\"lazy\" decoding=\"async\" height=\"16\" width=\"16\" alt=\"&#x1f449;\" src=\"https:\/\/static.xx.fbcdn.net\/images\/emoji.php\/v9\/t51\/1\/16\/1f449.png\"><a><\/a>Inscripciones en nuestra Sede Gremial y en la oficina de Legislatura.<\/p>\n\n\n\n<p><a href=\"https:\/\/www.facebook.com\/hashtag\/apelr%C3%ADonegro?__eep__=6&amp;__cft__[0]=AZVCzONh9Ij5u8DCYjsPy9LJENeSna80CftFnTsufjnVqJK3XnSLeVvWyuzdYTh9pUWZ_aEQYKWAOKThRKhfYjHaKK8Knemio1v1nwwfA8rNBw7iSfkrpV_5VrvSYR8exLi_IhNFPEtIMg1e5p6lsW7zkExDuBYfYlU3_cpw6xJsHEHTo9XWJHu5eqn4JFr3Q6I&amp;__tn__=*NK-R\">#ApelR\u00edoNegro<\/a><\/p>\n\n\n\n<p><a href=\"https:\/\/www.facebook.com\/hashtag\/coloniadeverano?__eep__=6&amp;__cft__[0]=AZVCzONh9Ij5u8DCYjsPy9LJENeSna80CftFnTsufjnVqJK3XnSLeVvWyuzdYTh9pUWZ_aEQYKWAOKThRKhfYjHaKK8Knemio1v1nwwfA8rNBw7iSfkrpV_5VrvSYR8exLi_IhNFPEtIMg1e5p6lsW7zkExDuBYfYlU3_cpw6xJsHEHTo9XWJHu5eqn4JFr3Q6I&amp;__tn__=*NK-R\">#coloniadeverano<\/a><\/p>\n","protected":false},"excerpt":{"rendered":"<p>Las actividades ser\u00e1n juegos interactivos y pileta libre. A partir de los 50 a\u00f1os. Comienza el d\u00eda 14 de diciembre del 2023 en las instalaciones de APEL, los d\u00edas martes, mi\u00e9rcoles y jueves de 9 a 12 horas. Inscripciones en nuestra Sede Gremial y en la oficina de Legislatura. #ApelR\u00edoNegro #coloniadeverano<\/p>\n","protected":false},"author":3,"featured_media":1556,"comment_status":"open","ping_status":"open","sticky":false,"template":"","format":"standard","meta":{"footnotes":""},"categories":[4,7],"tags":[],"class_list":["post-1555","post","type-post","status-publish","format-standard","has-post-thumbnail","hentry","category-eventos","category-noticias"],"_links":{"self":[{"href":"https:\/\/apelrionegro.com.ar\/sitio2\/wp-json\/wp\/v2\/posts\/1555","targetHints":{"allow":["GET"]}}],"collection":[{"href":"https:\/\/apelrionegro.com.ar\/sitio2\/wp-json\/wp\/v2\/posts"}],"about":[{"href":"https:\/\/apelrionegro.com.ar\/sitio2\/wp-json\/wp\/v2\/types\/post"}],"author":[{"embeddable":true,"href":"https:\/\/apelrionegro.com.ar\/sitio2\/wp-json\/wp\/v2\/users\/3"}],"replies":[{"embeddable":true,"href":"https:\/\/apelrionegro.com.ar\/sitio2\/wp-json\/wp\/v2\/comments?post=1555"}],"version-history":[{"count":1,"href":"https:\/\/apelrionegro.com.ar\/sitio2\/wp-json\/wp\/v2\/posts\/1555\/revisions"}],"predecessor-version":[{"id":1557,"href":"https:\/\/apelrionegro.com.ar\/sitio2\/wp-json\/wp\/v2\/posts\/1555\/revisions\/1557"}],"wp:featuredmedia":[{"embeddable":true,"href":"https:\/\/apelrionegro.com.ar\/sitio2\/wp-json\/wp\/v2\/media\/1556"}],"wp:attachment":[{"href":"https:\/\/apelrionegro.com.ar\/sitio2\/wp-json\/wp\/v2\/media?parent=1555"}],"wp:term":[{"taxonomy":"category","embeddable":true,"href":"https:\/\/apelrionegro.com.ar\/sitio2\/wp-json\/wp\/v2\/categories?post=1555"},{"taxonomy":"post_tag","embeddable":true,"href":"https:\/\/apelrionegro.com.ar\/sitio2\/wp-json\/wp\/v2\/tags?post=1555"}],"curies":[{"name":"wp","href":"https:\/\/api.w.org\/{rel}","templated":true}]}}