{"id":1532,"date":"2023-12-01T00:04:00","date_gmt":"2023-12-01T00:04:00","guid":{"rendered":"https:\/\/apelrionegro.com.ar\/sitio2\/?p=1532"},"modified":"2023-12-06T12:29:45","modified_gmt":"2023-12-06T12:29:45","slug":"dia-del-empleado-legislativo","status":"publish","type":"post","link":"https:\/\/apelrionegro.com.ar\/sitio2\/dia-del-empleado-legislativo\/","title":{"rendered":"DIA DEL EMPLEADO LEGISLATIVO"},"content":{"rendered":"\n<p><img loading=\"lazy\" decoding=\"async\" height=\"16\" width=\"16\" alt=\"&#x1fac2;\" src=\"https:\/\/static.xx.fbcdn.net\/images\/emoji.php\/v9\/t68\/1\/16\/1fac2.png\"> Hoy 1 de diciembre festejamos el d\u00eda del empleado legislativo en nuestra ciudad rionegrina y quiero expresar como representante de nuestro gremio Apel que seguir juntos y mantenernos unidos es nuestra fuerza y nuestro trabajo es la evidencia de todo esfuerzo, empe\u00f1o e innovaci\u00f3n con que cumplimos nuestras tareas. Eso nos debe llenar de orgullo ser parte de ser un empleado legislativo\u201d.<\/p>\n\n\n\n<p>\u201c\u00a1Feliz D\u00eda compa\u00f1eros y compa\u00f1eras!\u201d.<\/p>\n\n\n\n<p>Gustavo Mor\u00f3n &#8211; Secretario General<\/p>\n","protected":false},"excerpt":{"rendered":"<p>Hoy 1 de diciembre festejamos el d\u00eda del empleado legislativo en nuestra ciudad rionegrina y quiero expresar como representante de nuestro gremio Apel que seguir juntos y mantenernos unidos es nuestra fuerza y nuestro trabajo es la evidencia de todo esfuerzo, empe\u00f1o e innovaci\u00f3n con que cumplimos nuestras tareas. Eso nos debe llenar de orgullo [&hellip;]<\/p>\n","protected":false},"author":3,"featured_media":1533,"comment_status":"open","ping_status":"open","sticky":false,"template":"","format":"standard","meta":{"footnotes":""},"categories":[4,7],"tags":[],"class_list":["post-1532","post","type-post","status-publish","format-standard","has-post-thumbnail","hentry","category-eventos","category-noticias"],"_links":{"self":[{"href":"https:\/\/apelrionegro.com.ar\/sitio2\/wp-json\/wp\/v2\/posts\/1532","targetHints":{"allow":["GET"]}}],"collection":[{"href":"https:\/\/apelrionegro.com.ar\/sitio2\/wp-json\/wp\/v2\/posts"}],"about":[{"href":"https:\/\/apelrionegro.com.ar\/sitio2\/wp-json\/wp\/v2\/types\/post"}],"author":[{"embeddable":true,"href":"https:\/\/apelrionegro.com.ar\/sitio2\/wp-json\/wp\/v2\/users\/3"}],"replies":[{"embeddable":true,"href":"https:\/\/apelrionegro.com.ar\/sitio2\/wp-json\/wp\/v2\/comments?post=1532"}],"version-history":[{"count":1,"href":"https:\/\/apelrionegro.com.ar\/sitio2\/wp-json\/wp\/v2\/posts\/1532\/revisions"}],"predecessor-version":[{"id":1534,"href":"https:\/\/apelrionegro.com.ar\/sitio2\/wp-json\/wp\/v2\/posts\/1532\/revisions\/1534"}],"wp:featuredmedia":[{"embeddable":true,"href":"https:\/\/apelrionegro.com.ar\/sitio2\/wp-json\/wp\/v2\/media\/1533"}],"wp:attachment":[{"href":"https:\/\/apelrionegro.com.ar\/sitio2\/wp-json\/wp\/v2\/media?parent=1532"}],"wp:term":[{"taxonomy":"category","embeddable":true,"href":"https:\/\/apelrionegro.com.ar\/sitio2\/wp-json\/wp\/v2\/categories?post=1532"},{"taxonomy":"post_tag","embeddable":true,"href":"https:\/\/apelrionegro.com.ar\/sitio2\/wp-json\/wp\/v2\/tags?post=1532"}],"curies":[{"name":"wp","href":"https:\/\/api.w.org\/{rel}","templated":true}]}}