{"id":1528,"date":"2023-11-28T12:19:18","date_gmt":"2023-11-28T12:19:18","guid":{"rendered":"https:\/\/apelrionegro.com.ar\/sitio2\/?p=1528"},"modified":"2023-11-28T12:19:18","modified_gmt":"2023-11-28T12:19:18","slug":"acuerdo-salarial-3","status":"publish","type":"post","link":"https:\/\/apelrionegro.com.ar\/sitio2\/acuerdo-salarial-3\/","title":{"rendered":"ACUERDO SALARIAL"},"content":{"rendered":"\n<p>En d\u00eda de hoy el gremio Legislativo firmo en conjunto con el Vice gobernador un acuerdo salarial correspondiente al mes en curso, el cual significa un incremento del 10,5% al b\u00e1sico y un incremento de 2 puntos en el item Responsabilidad Funcional quedando est\u00e1 \u00faltima en un 95%. Cabe destacar que en la asamblea convocada en el d\u00eda de hoy a las 9 horas d\u00f3nde varias fueron las mociones, se paso a un cuarto intermedio y se retomo a las 11 horas para votar afirmativamente este <a><\/a>acuerdo por unanimidad.<\/p>\n\n\n\n<p><a href=\"https:\/\/www.facebook.com\/hashtag\/apelr%C3%ADonegro?__eep__=6&amp;__cft__[0]=AZWVSgZNz1Ix_S8ItqwJW6mW-U6WN2EouR2BGSVK_nQRtrFXW1Ndo1LTLI0e732T8Vb0P8zpq26UlrYe0yng47J-40xS5NA18Iq7aZrtYH-R9uNqbe8A8aKSpRtMMF-5sYdpGvGAsAGvG2SYBH3mKHdk4vR-MmMxum0YWmVLFDuV48_Dkm1bbUK9UjeTuk7GIWY&amp;__tn__=*NK-R\">#ApelR\u00edoNegro<\/a><\/p>\n\n\n\n<p><a href=\"https:\/\/www.facebook.com\/hashtag\/acuerdosalarial?__eep__=6&amp;__cft__[0]=AZWVSgZNz1Ix_S8ItqwJW6mW-U6WN2EouR2BGSVK_nQRtrFXW1Ndo1LTLI0e732T8Vb0P8zpq26UlrYe0yng47J-40xS5NA18Iq7aZrtYH-R9uNqbe8A8aKSpRtMMF-5sYdpGvGAsAGvG2SYBH3mKHdk4vR-MmMxum0YWmVLFDuV48_Dkm1bbUK9UjeTuk7GIWY&amp;__tn__=*NK-R\">#acuerdosalarial<\/a><\/p>\n","protected":false},"excerpt":{"rendered":"<p>En d\u00eda de hoy el gremio Legislativo firmo en conjunto con el Vice gobernador un acuerdo salarial correspondiente al mes en curso, el cual significa un incremento del 10,5% al b\u00e1sico y un incremento de 2 puntos en el item Responsabilidad Funcional quedando est\u00e1 \u00faltima en un 95%. Cabe destacar que en la asamblea convocada [&hellip;]<\/p>\n","protected":false},"author":3,"featured_media":1529,"comment_status":"open","ping_status":"open","sticky":false,"template":"","format":"standard","meta":{"footnotes":""},"categories":[4,7],"tags":[],"class_list":["post-1528","post","type-post","status-publish","format-standard","has-post-thumbnail","hentry","category-eventos","category-noticias"],"_links":{"self":[{"href":"https:\/\/apelrionegro.com.ar\/sitio2\/wp-json\/wp\/v2\/posts\/1528","targetHints":{"allow":["GET"]}}],"collection":[{"href":"https:\/\/apelrionegro.com.ar\/sitio2\/wp-json\/wp\/v2\/posts"}],"about":[{"href":"https:\/\/apelrionegro.com.ar\/sitio2\/wp-json\/wp\/v2\/types\/post"}],"author":[{"embeddable":true,"href":"https:\/\/apelrionegro.com.ar\/sitio2\/wp-json\/wp\/v2\/users\/3"}],"replies":[{"embeddable":true,"href":"https:\/\/apelrionegro.com.ar\/sitio2\/wp-json\/wp\/v2\/comments?post=1528"}],"version-history":[{"count":1,"href":"https:\/\/apelrionegro.com.ar\/sitio2\/wp-json\/wp\/v2\/posts\/1528\/revisions"}],"predecessor-version":[{"id":1530,"href":"https:\/\/apelrionegro.com.ar\/sitio2\/wp-json\/wp\/v2\/posts\/1528\/revisions\/1530"}],"wp:featuredmedia":[{"embeddable":true,"href":"https:\/\/apelrionegro.com.ar\/sitio2\/wp-json\/wp\/v2\/media\/1529"}],"wp:attachment":[{"href":"https:\/\/apelrionegro.com.ar\/sitio2\/wp-json\/wp\/v2\/media?parent=1528"}],"wp:term":[{"taxonomy":"category","embeddable":true,"href":"https:\/\/apelrionegro.com.ar\/sitio2\/wp-json\/wp\/v2\/categories?post=1528"},{"taxonomy":"post_tag","embeddable":true,"href":"https:\/\/apelrionegro.com.ar\/sitio2\/wp-json\/wp\/v2\/tags?post=1528"}],"curies":[{"name":"wp","href":"https:\/\/api.w.org\/{rel}","templated":true}]}}