{"id":1522,"date":"2023-11-22T13:11:34","date_gmt":"2023-11-22T13:11:34","guid":{"rendered":"https:\/\/apelrionegro.com.ar\/sitio2\/?p=1522"},"modified":"2023-11-22T13:11:34","modified_gmt":"2023-11-22T13:11:34","slug":"hoy-salen-a-la-venta-las-entradas-adicionales-a-la-fiesta-del-empleado-legislativo","status":"publish","type":"post","link":"https:\/\/apelrionegro.com.ar\/sitio2\/hoy-salen-a-la-venta-las-entradas-adicionales-a-la-fiesta-del-empleado-legislativo\/","title":{"rendered":"Hoy salen a la Venta las Entradas Adicionales a la Fiesta del Empleado Legislativo!"},"content":{"rendered":"\n<p><img loading=\"lazy\" decoding=\"async\" height=\"16\" width=\"16\" alt=\"&#x1f449;\" src=\"https:\/\/static.xx.fbcdn.net\/images\/emoji.php\/v9\/t51\/1\/16\/1f449.png\">Valor $ 20.000 para una persona, la entrada no participa de los sorteos de ordenes de compra.<\/p>\n\n\n\n<p><img loading=\"lazy\" decoding=\"async\" height=\"16\" width=\"16\" alt=\"&#x1f449;\" src=\"https:\/\/static.xx.fbcdn.net\/images\/emoji.php\/v9\/t51\/1\/16\/1f449.png\">Las ni\u00f1as y los ni\u00f1os mayores de 2 a\u00f1os pagan entrada.<\/p>\n\n\n\n<p><img loading=\"lazy\" decoding=\"async\" height=\"16\" width=\"16\" alt=\"&#x2705;\" src=\"https:\/\/static.xx.fbcdn.net\/images\/emoji.php\/v9\/t33\/1\/16\/2705.png\"><a><\/a>Las personas Celiacas deben comunicarse con las oficinas de Apel para ser registradas.<\/p>\n\n\n\n<p><a href=\"https:\/\/www.facebook.com\/hashtag\/apelr%C3%ADonegro?__eep__=6&amp;__cft__[0]=AZWDjg5vlfMu-l8wMuwMc5G3gkIGIZyJu_earajqrzvoZCVLlNpkwA2fIdNb3YmQI9HyYgMxuXmKLMSZ8MU1BorQoCADtt3ooSyaXy8Hhg3xd9GhSDR2cuVHxR2EeuUwEmI&amp;__tn__=*NK-R\">#ApelR\u00edoNegro<\/a><\/p>\n\n\n\n<p><a href=\"https:\/\/www.facebook.com\/hashtag\/fiestas2023?__eep__=6&amp;__cft__[0]=AZWDjg5vlfMu-l8wMuwMc5G3gkIGIZyJu_earajqrzvoZCVLlNpkwA2fIdNb3YmQI9HyYgMxuXmKLMSZ8MU1BorQoCADtt3ooSyaXy8Hhg3xd9GhSDR2cuVHxR2EeuUwEmI&amp;__tn__=*NK-R\">#fiestas2023<\/a><\/p>\n","protected":false},"excerpt":{"rendered":"<p>Valor $ 20.000 para una persona, la entrada no participa de los sorteos de ordenes de compra. Las ni\u00f1as y los ni\u00f1os mayores de 2 a\u00f1os pagan entrada. Las personas Celiacas deben comunicarse con las oficinas de Apel para ser registradas. #ApelR\u00edoNegro #fiestas2023<\/p>\n","protected":false},"author":3,"featured_media":1523,"comment_status":"open","ping_status":"open","sticky":false,"template":"","format":"standard","meta":{"footnotes":""},"categories":[4,7],"tags":[],"class_list":["post-1522","post","type-post","status-publish","format-standard","has-post-thumbnail","hentry","category-eventos","category-noticias"],"_links":{"self":[{"href":"https:\/\/apelrionegro.com.ar\/sitio2\/wp-json\/wp\/v2\/posts\/1522","targetHints":{"allow":["GET"]}}],"collection":[{"href":"https:\/\/apelrionegro.com.ar\/sitio2\/wp-json\/wp\/v2\/posts"}],"about":[{"href":"https:\/\/apelrionegro.com.ar\/sitio2\/wp-json\/wp\/v2\/types\/post"}],"author":[{"embeddable":true,"href":"https:\/\/apelrionegro.com.ar\/sitio2\/wp-json\/wp\/v2\/users\/3"}],"replies":[{"embeddable":true,"href":"https:\/\/apelrionegro.com.ar\/sitio2\/wp-json\/wp\/v2\/comments?post=1522"}],"version-history":[{"count":1,"href":"https:\/\/apelrionegro.com.ar\/sitio2\/wp-json\/wp\/v2\/posts\/1522\/revisions"}],"predecessor-version":[{"id":1524,"href":"https:\/\/apelrionegro.com.ar\/sitio2\/wp-json\/wp\/v2\/posts\/1522\/revisions\/1524"}],"wp:featuredmedia":[{"embeddable":true,"href":"https:\/\/apelrionegro.com.ar\/sitio2\/wp-json\/wp\/v2\/media\/1523"}],"wp:attachment":[{"href":"https:\/\/apelrionegro.com.ar\/sitio2\/wp-json\/wp\/v2\/media?parent=1522"}],"wp:term":[{"taxonomy":"category","embeddable":true,"href":"https:\/\/apelrionegro.com.ar\/sitio2\/wp-json\/wp\/v2\/categories?post=1522"},{"taxonomy":"post_tag","embeddable":true,"href":"https:\/\/apelrionegro.com.ar\/sitio2\/wp-json\/wp\/v2\/tags?post=1522"}],"curies":[{"name":"wp","href":"https:\/\/api.w.org\/{rel}","templated":true}]}}