{"id":1495,"date":"2023-11-03T12:41:35","date_gmt":"2023-11-03T12:41:35","guid":{"rendered":"https:\/\/apelrionegro.com.ar\/sitio2\/?p=1495"},"modified":"2023-11-07T15:52:16","modified_gmt":"2023-11-07T15:52:16","slug":"comienzan-las-olimpiadas-interlegislativas","status":"publish","type":"post","link":"https:\/\/apelrionegro.com.ar\/sitio2\/comienzan-las-olimpiadas-interlegislativas\/","title":{"rendered":"COMIENZAN LAS OLIMPIADAS INTERLEGISLATIVAS!"},"content":{"rendered":"\n<p><img loading=\"lazy\" decoding=\"async\" height=\"16\" width=\"16\" src=\"https:\/\/static.xx.fbcdn.net\/images\/emoji.php\/v9\/t51\/1\/16\/1f449.png\" alt=\"&#x1f449;\"> Ma\u00f1ana 3 de noviembre a las 20 hs comienza el torneo de Truco en nuestra Sede Gremial (sal\u00f3n de usos m\u00faltiples).<\/p>\n\n\n\n<p><img loading=\"lazy\" decoding=\"async\" height=\"16\" width=\"16\" alt=\"&#x1fac2;\" src=\"https:\/\/static.xx.fbcdn.net\/images\/emoji.php\/v9\/t68\/1\/16\/1fac2.png\"> INVITAMOS A LAS COMPA\u00d1ERAS Y COMPA\u00d1EROS QUE QUIERAN PARTICIPAR.<\/p>\n\n\n\n<p><a><\/a>Contacto <img loading=\"lazy\" decoding=\"async\" height=\"16\" width=\"16\" alt=\"&#x260e;&#xfe0f;\" src=\"https:\/\/static.xx.fbcdn.net\/images\/emoji.php\/v9\/t22\/1\/16\/260e.png\"> Ricardo 2920 53-9532<\/p>\n","protected":false},"excerpt":{"rendered":"<p>Ma\u00f1ana 3 de noviembre a las 20 hs comienza el torneo de Truco en nuestra Sede Gremial (sal\u00f3n de usos m\u00faltiples). INVITAMOS A LAS COMPA\u00d1ERAS Y COMPA\u00d1EROS QUE QUIERAN PARTICIPAR. Contacto Ricardo 2920 53-9532<\/p>\n","protected":false},"author":3,"featured_media":1496,"comment_status":"open","ping_status":"open","sticky":false,"template":"","format":"standard","meta":{"footnotes":""},"categories":[4,7,3],"tags":[],"class_list":["post-1495","post","type-post","status-publish","format-standard","has-post-thumbnail","hentry","category-eventos","category-noticias","category-deportes"],"_links":{"self":[{"href":"https:\/\/apelrionegro.com.ar\/sitio2\/wp-json\/wp\/v2\/posts\/1495","targetHints":{"allow":["GET"]}}],"collection":[{"href":"https:\/\/apelrionegro.com.ar\/sitio2\/wp-json\/wp\/v2\/posts"}],"about":[{"href":"https:\/\/apelrionegro.com.ar\/sitio2\/wp-json\/wp\/v2\/types\/post"}],"author":[{"embeddable":true,"href":"https:\/\/apelrionegro.com.ar\/sitio2\/wp-json\/wp\/v2\/users\/3"}],"replies":[{"embeddable":true,"href":"https:\/\/apelrionegro.com.ar\/sitio2\/wp-json\/wp\/v2\/comments?post=1495"}],"version-history":[{"count":1,"href":"https:\/\/apelrionegro.com.ar\/sitio2\/wp-json\/wp\/v2\/posts\/1495\/revisions"}],"predecessor-version":[{"id":1497,"href":"https:\/\/apelrionegro.com.ar\/sitio2\/wp-json\/wp\/v2\/posts\/1495\/revisions\/1497"}],"wp:featuredmedia":[{"embeddable":true,"href":"https:\/\/apelrionegro.com.ar\/sitio2\/wp-json\/wp\/v2\/media\/1496"}],"wp:attachment":[{"href":"https:\/\/apelrionegro.com.ar\/sitio2\/wp-json\/wp\/v2\/media?parent=1495"}],"wp:term":[{"taxonomy":"category","embeddable":true,"href":"https:\/\/apelrionegro.com.ar\/sitio2\/wp-json\/wp\/v2\/categories?post=1495"},{"taxonomy":"post_tag","embeddable":true,"href":"https:\/\/apelrionegro.com.ar\/sitio2\/wp-json\/wp\/v2\/tags?post=1495"}],"curies":[{"name":"wp","href":"https:\/\/api.w.org\/{rel}","templated":true}]}}