{"id":1455,"date":"2023-10-19T11:44:03","date_gmt":"2023-10-19T11:44:03","guid":{"rendered":"https:\/\/apelrionegro.com.ar\/?p=1455"},"modified":"2023-10-25T15:20:43","modified_gmt":"2023-10-25T15:20:43","slug":"lucha-contra-el-cancer","status":"publish","type":"post","link":"https:\/\/apelrionegro.com.ar\/sitio2\/lucha-contra-el-cancer\/","title":{"rendered":"LUCHA CONTRA EL CANCER"},"content":{"rendered":"\n<p><img loading=\"lazy\" decoding=\"async\" height=\"16\" width=\"16\" alt=\"&#x2705;\" src=\"https:\/\/static.xx.fbcdn.net\/images\/emoji.php\/v9\/t33\/1\/16\/2705.png\">Por iniciativa de la Organizaci\u00f3n Mundial de la Salud el 19 de octubre se celebra mundialmente el d\u00eda internacional de la lucha contra el c\u00e1ncer de mama con el objetivo de crear conciencia y promover que cada vez m\u00e1s mujeres accedan a controles, diagn\u00f3sticos y tratamientos oportunos y efectivos.<\/p>\n\n\n\n<p><img loading=\"lazy\" decoding=\"async\" height=\"16\" width=\"16\" alt=\"&#x1f497;\" src=\"https:\/\/static.xx.fbcdn.net\/images\/emoji.php\/v9\/t6a\/1\/16\/1f497.png\">La detecci\u00f3n precoz a fin de mejorar el pron\u00f3stico y la supervivencia de los casos de c\u00e1ncer de mama sigue siendo la piedra angular de la lucha contra este c\u00e1ncer.<\/p>\n\n\n\n<p><a href=\"https:\/\/www.facebook.com\/hashtag\/apelr%C3%ADonegro?__eep__=6&amp;__tn__=*NK*F\">#ApelR\u00edoNegro<\/a><br><a href=\"https:\/\/www.facebook.com\/hashtag\/luchacontraelcancer?__eep__=6&amp;__tn__=*NK*F\">#luchacontraelcancer<\/a><\/p>\n","protected":false},"excerpt":{"rendered":"<p>Por iniciativa de la Organizaci\u00f3n Mundial de la Salud el 19 de octubre se celebra mundialmente el d\u00eda internacional de la lucha contra el c\u00e1ncer de mama con el objetivo de crear conciencia y promover que cada vez m\u00e1s mujeres accedan a controles, diagn\u00f3sticos y tratamientos oportunos y efectivos. La detecci\u00f3n precoz a fin de [&hellip;]<\/p>\n","protected":false},"author":3,"featured_media":1456,"comment_status":"closed","ping_status":"open","sticky":false,"template":"","format":"standard","meta":{"footnotes":""},"categories":[4,7],"tags":[],"class_list":["post-1455","post","type-post","status-publish","format-standard","has-post-thumbnail","hentry","category-eventos","category-noticias"],"_links":{"self":[{"href":"https:\/\/apelrionegro.com.ar\/sitio2\/wp-json\/wp\/v2\/posts\/1455","targetHints":{"allow":["GET"]}}],"collection":[{"href":"https:\/\/apelrionegro.com.ar\/sitio2\/wp-json\/wp\/v2\/posts"}],"about":[{"href":"https:\/\/apelrionegro.com.ar\/sitio2\/wp-json\/wp\/v2\/types\/post"}],"author":[{"embeddable":true,"href":"https:\/\/apelrionegro.com.ar\/sitio2\/wp-json\/wp\/v2\/users\/3"}],"replies":[{"embeddable":true,"href":"https:\/\/apelrionegro.com.ar\/sitio2\/wp-json\/wp\/v2\/comments?post=1455"}],"version-history":[{"count":1,"href":"https:\/\/apelrionegro.com.ar\/sitio2\/wp-json\/wp\/v2\/posts\/1455\/revisions"}],"predecessor-version":[{"id":1457,"href":"https:\/\/apelrionegro.com.ar\/sitio2\/wp-json\/wp\/v2\/posts\/1455\/revisions\/1457"}],"wp:featuredmedia":[{"embeddable":true,"href":"https:\/\/apelrionegro.com.ar\/sitio2\/wp-json\/wp\/v2\/media\/1456"}],"wp:attachment":[{"href":"https:\/\/apelrionegro.com.ar\/sitio2\/wp-json\/wp\/v2\/media?parent=1455"}],"wp:term":[{"taxonomy":"category","embeddable":true,"href":"https:\/\/apelrionegro.com.ar\/sitio2\/wp-json\/wp\/v2\/categories?post=1455"},{"taxonomy":"post_tag","embeddable":true,"href":"https:\/\/apelrionegro.com.ar\/sitio2\/wp-json\/wp\/v2\/tags?post=1455"}],"curies":[{"name":"wp","href":"https:\/\/api.w.org\/{rel}","templated":true}]}}