{"id":1418,"date":"2023-10-17T13:24:01","date_gmt":"2023-10-17T13:24:01","guid":{"rendered":"https:\/\/apelrionegro.com.ar\/?p=1418"},"modified":"2023-10-17T13:24:01","modified_gmt":"2023-10-17T13:24:01","slug":"fiesta-del-empleado-legislativo-2","status":"publish","type":"post","link":"https:\/\/apelrionegro.com.ar\/sitio2\/fiesta-del-empleado-legislativo-2\/","title":{"rendered":"FIESTA DEL EMPLEADO LEGISLATIVO!"},"content":{"rendered":"\n<p><img loading=\"lazy\" decoding=\"async\" height=\"16\" width=\"16\" src=\"https:\/\/static.xx.fbcdn.net\/images\/emoji.php\/v9\/t33\/1\/16\/2705.png\" alt=\"&#x2705;\">\u00a0Hoy comienza la venta de las entradas a la Fiesta del Empleado Legislativo para el viernes 1 de diciembre a las 19.30 horas.<br><img loading=\"lazy\" decoding=\"async\" height=\"16\" width=\"16\" src=\"https:\/\/static.xx.fbcdn.net\/images\/emoji.php\/v9\/t51\/1\/16\/1f449.png\" alt=\"&#x1f449;\">\u00a0El valor es $40.000 para dos personas, incluye Patio Cervecero con bandas en vivo, cena, DJ y el show de Banda Registrada, sorteos y premios sorpresas.<br><img loading=\"lazy\" decoding=\"async\" height=\"16\" width=\"16\" src=\"https:\/\/static.xx.fbcdn.net\/images\/emoji.php\/v9\/t51\/1\/16\/1f449.png\" alt=\"&#x1f449;\">\u00a0Los integrantes de la Comisi\u00f3n Directiva, Delegados tendr\u00e1n los talonarios de los n\u00fameros, prioridad de venta nuestros afiliados y una entrada por persona. Sepan comprender que el crecimiento de nuestros afiliados a sido notable en estos \u00faltimos tiempos y somos m\u00e1s de 480, de esta manera debemos darle la oportunidad a todos para que puedan comprar una entrada de la fiesta.<\/p>\n\n\n\n<p><a href=\"https:\/\/www.facebook.com\/hashtag\/apelr%C3%ADonegro?__eep__=6&amp;__cft__[0]=AZX7yPRylEOmRpZQmgLF9WAIszQwWCxFonAMuJdL3XRp7Iw1zM08QiwHzGWNdZlpeNXwWslILaR8KkuPfxbs979xm7DYU9N8zR0rmmyqO3nYpxX4aGZduXoss2l7XeVFUxiswosi1JuYTj16BiyAfBRfW_U3rdb_DjXqIb28QnqWMEQQhgyQJymlpdjq0219AdQ&amp;__tn__=*NK*F\">#ApelR\u00edoNegro<\/a><br><a href=\"https:\/\/www.facebook.com\/hashtag\/fiestaempleadolegislativo?__eep__=6&amp;__cft__[0]=AZX7yPRylEOmRpZQmgLF9WAIszQwWCxFonAMuJdL3XRp7Iw1zM08QiwHzGWNdZlpeNXwWslILaR8KkuPfxbs979xm7DYU9N8zR0rmmyqO3nYpxX4aGZduXoss2l7XeVFUxiswosi1JuYTj16BiyAfBRfW_U3rdb_DjXqIb28QnqWMEQQhgyQJymlpdjq0219AdQ&amp;__tn__=*NK*F\">#Fiestaempleadolegislativo<\/a><\/p>\n\n\n\n<p><\/p>\n","protected":false},"excerpt":{"rendered":"<p>\u00a0Hoy comienza la venta de las entradas a la Fiesta del Empleado Legislativo para el viernes 1 de diciembre a las 19.30 horas.\u00a0El valor es $40.000 para dos personas, incluye Patio Cervecero con bandas en vivo, cena, DJ y el show de Banda Registrada, sorteos y premios sorpresas.\u00a0Los integrantes de la Comisi\u00f3n Directiva, Delegados tendr\u00e1n [&hellip;]<\/p>\n","protected":false},"author":3,"featured_media":1419,"comment_status":"closed","ping_status":"","sticky":false,"template":"","format":"standard","meta":{"footnotes":""},"categories":[4,7],"tags":[],"class_list":["post-1418","post","type-post","status-publish","format-standard","has-post-thumbnail","hentry","category-eventos","category-noticias"],"_links":{"self":[{"href":"https:\/\/apelrionegro.com.ar\/sitio2\/wp-json\/wp\/v2\/posts\/1418","targetHints":{"allow":["GET"]}}],"collection":[{"href":"https:\/\/apelrionegro.com.ar\/sitio2\/wp-json\/wp\/v2\/posts"}],"about":[{"href":"https:\/\/apelrionegro.com.ar\/sitio2\/wp-json\/wp\/v2\/types\/post"}],"author":[{"embeddable":true,"href":"https:\/\/apelrionegro.com.ar\/sitio2\/wp-json\/wp\/v2\/users\/3"}],"replies":[{"embeddable":true,"href":"https:\/\/apelrionegro.com.ar\/sitio2\/wp-json\/wp\/v2\/comments?post=1418"}],"version-history":[{"count":1,"href":"https:\/\/apelrionegro.com.ar\/sitio2\/wp-json\/wp\/v2\/posts\/1418\/revisions"}],"predecessor-version":[{"id":1420,"href":"https:\/\/apelrionegro.com.ar\/sitio2\/wp-json\/wp\/v2\/posts\/1418\/revisions\/1420"}],"wp:featuredmedia":[{"embeddable":true,"href":"https:\/\/apelrionegro.com.ar\/sitio2\/wp-json\/wp\/v2\/media\/1419"}],"wp:attachment":[{"href":"https:\/\/apelrionegro.com.ar\/sitio2\/wp-json\/wp\/v2\/media?parent=1418"}],"wp:term":[{"taxonomy":"category","embeddable":true,"href":"https:\/\/apelrionegro.com.ar\/sitio2\/wp-json\/wp\/v2\/categories?post=1418"},{"taxonomy":"post_tag","embeddable":true,"href":"https:\/\/apelrionegro.com.ar\/sitio2\/wp-json\/wp\/v2\/tags?post=1418"}],"curies":[{"name":"wp","href":"https:\/\/api.w.org\/{rel}","templated":true}]}}