{"id":1270,"date":"2023-08-30T14:07:44","date_gmt":"2023-08-30T14:07:44","guid":{"rendered":"https:\/\/apelrionegro.com.ar\/?p=1270"},"modified":"2023-08-30T14:07:44","modified_gmt":"2023-08-30T14:07:44","slug":"capacitacion-de-delegadas-y-delegados","status":"publish","type":"post","link":"https:\/\/apelrionegro.com.ar\/sitio2\/capacitacion-de-delegadas-y-delegados\/","title":{"rendered":"CAPACITACION DE DELEGADAS Y DELEGADOS"},"content":{"rendered":"\n<p>Hoy se realiz\u00f3 en nuestra Sede Gremial la capacitaci\u00f3n a los futuros delegados y delegadas a cargo de la Secretar\u00eda de Capacitaci\u00f3n encabezada por el compa\u00f1ero Sergio Nahuelpan y el Secretario Gremial Pascual Amestica en conjunto con el Secretario de la Delegaci\u00f3n Territorial Viedma Ministerio de Trabajo de la Naci\u00f3n Fernando Fuentes; con el prop\u00f3sito de democratizar la participaci\u00f3n sindical, abriendo nuevos canales de di\u00e1logo y participaci\u00f3n, en busca de una mayor <a><\/a>representaci\u00f3n en cada lugar y \u00e1rea de trabajo, un cambio que los legislativos y \u00f3rganos de control reclamaron por a\u00f1os.<\/p>\n\n\n\n<p><img loading=\"lazy\" decoding=\"async\" height=\"16\" width=\"16\" alt=\"&#x1f64c;\" src=\"https:\/\/static.xx.fbcdn.net\/images\/emoji.php\/v9\/tfd\/1\/16\/1f64c.png\"> APEL PRESENTE!!!<\/p>\n\n\n\n<p><a href=\"https:\/\/www.facebook.com\/hashtag\/apelr%C3%ADonegro?__eep__=6&amp;__cft__[0]=AZVrTKLp-X53Kcm7eQtfz93Yyl_d8_fqrwe7vQVqP64y5MAGX4vpjCnZL7u-LD82m-XiO16xodTt0wVcX4-d354-quKAnKdq1V7kZrNy9iU-eiiI6-4EsOdwFZYZsf_Tk4bmX57uA1B33bM9kYlTg98Z56ziye5ptodqDeB8c4dJSFQS5_4PQBu_md5NjOfUaoU&amp;__tn__=*NK-R\">#ApelR\u00edoNegro<\/a><\/p>\n\n\n\n<p><a href=\"https:\/\/www.facebook.com\/hashtag\/delegadosydelegadas?__eep__=6&amp;__cft__[0]=AZVrTKLp-X53Kcm7eQtfz93Yyl_d8_fqrwe7vQVqP64y5MAGX4vpjCnZL7u-LD82m-XiO16xodTt0wVcX4-d354-quKAnKdq1V7kZrNy9iU-eiiI6-4EsOdwFZYZsf_Tk4bmX57uA1B33bM9kYlTg98Z56ziye5ptodqDeB8c4dJSFQS5_4PQBu_md5NjOfUaoU&amp;__tn__=*NK-R\">#DelegadosyDelegadas<\/a><\/p>\n\n\n\n<figure class=\"wp-block-gallery has-nested-images columns-default is-cropped wp-block-gallery-1 is-layout-flex wp-block-gallery-is-layout-flex\">\n<figure class=\"wp-block-image size-large\"><a href=\"https:\/\/apelrionegro.com.ar\/wp-content\/uploads\/2023\/08\/1.jpg\"><img loading=\"lazy\" decoding=\"async\" width=\"1024\" height=\"550\" data-id=\"1273\" src=\"https:\/\/apelrionegro.com.ar\/wp-content\/uploads\/2023\/08\/1-1024x550.jpg\" alt=\"\" class=\"wp-image-1273\" srcset=\"https:\/\/apelrionegro.com.ar\/sitio2\/wp-content\/uploads\/2023\/08\/1-1024x550.jpg 1024w, https:\/\/apelrionegro.com.ar\/sitio2\/wp-content\/uploads\/2023\/08\/1-300x161.jpg 300w, https:\/\/apelrionegro.com.ar\/sitio2\/wp-content\/uploads\/2023\/08\/1-768x413.jpg 768w, https:\/\/apelrionegro.com.ar\/sitio2\/wp-content\/uploads\/2023\/08\/1.jpg 1040w\" sizes=\"auto, (max-width: 1024px) 100vw, 1024px\" \/><\/a><\/figure>\n\n\n\n<figure class=\"wp-block-image size-large\"><a href=\"https:\/\/apelrionegro.com.ar\/wp-content\/uploads\/2023\/08\/2.jpg\"><img loading=\"lazy\" decoding=\"async\" width=\"915\" height=\"638\" data-id=\"1274\" src=\"https:\/\/apelrionegro.com.ar\/wp-content\/uploads\/2023\/08\/2.jpg\" alt=\"\" class=\"wp-image-1274\" srcset=\"https:\/\/apelrionegro.com.ar\/sitio2\/wp-content\/uploads\/2023\/08\/2.jpg 915w, https:\/\/apelrionegro.com.ar\/sitio2\/wp-content\/uploads\/2023\/08\/2-300x209.jpg 300w, https:\/\/apelrionegro.com.ar\/sitio2\/wp-content\/uploads\/2023\/08\/2-768x536.jpg 768w\" sizes=\"auto, (max-width: 915px) 100vw, 915px\" \/><\/a><\/figure>\n\n\n\n<figure class=\"wp-block-image size-large\"><a href=\"https:\/\/apelrionegro.com.ar\/wp-content\/uploads\/2023\/08\/3-1.jpg\"><img loading=\"lazy\" decoding=\"async\" width=\"938\" height=\"637\" data-id=\"1275\" src=\"https:\/\/apelrionegro.com.ar\/wp-content\/uploads\/2023\/08\/3-1.jpg\" alt=\"\" class=\"wp-image-1275\" srcset=\"https:\/\/apelrionegro.com.ar\/sitio2\/wp-content\/uploads\/2023\/08\/3-1.jpg 938w, https:\/\/apelrionegro.com.ar\/sitio2\/wp-content\/uploads\/2023\/08\/3-1-300x204.jpg 300w, https:\/\/apelrionegro.com.ar\/sitio2\/wp-content\/uploads\/2023\/08\/3-1-768x522.jpg 768w\" sizes=\"auto, (max-width: 938px) 100vw, 938px\" \/><\/a><\/figure>\n\n\n\n<figure class=\"wp-block-image size-large\"><a href=\"https:\/\/apelrionegro.com.ar\/wp-content\/uploads\/2023\/08\/4.jpg\"><img loading=\"lazy\" decoding=\"async\" width=\"885\" height=\"669\" data-id=\"1276\" src=\"https:\/\/apelrionegro.com.ar\/wp-content\/uploads\/2023\/08\/4.jpg\" alt=\"\" class=\"wp-image-1276\" srcset=\"https:\/\/apelrionegro.com.ar\/sitio2\/wp-content\/uploads\/2023\/08\/4.jpg 885w, https:\/\/apelrionegro.com.ar\/sitio2\/wp-content\/uploads\/2023\/08\/4-300x227.jpg 300w, https:\/\/apelrionegro.com.ar\/sitio2\/wp-content\/uploads\/2023\/08\/4-768x581.jpg 768w\" sizes=\"auto, (max-width: 885px) 100vw, 885px\" \/><\/a><\/figure>\n\n\n\n<figure class=\"wp-block-image size-large\"><a href=\"https:\/\/apelrionegro.com.ar\/wp-content\/uploads\/2023\/08\/5.jpg\"><img loading=\"lazy\" decoding=\"async\" width=\"1012\" height=\"896\" data-id=\"1277\" src=\"https:\/\/apelrionegro.com.ar\/wp-content\/uploads\/2023\/08\/5.jpg\" alt=\"\" class=\"wp-image-1277\" srcset=\"https:\/\/apelrionegro.com.ar\/sitio2\/wp-content\/uploads\/2023\/08\/5.jpg 1012w, https:\/\/apelrionegro.com.ar\/sitio2\/wp-content\/uploads\/2023\/08\/5-300x266.jpg 300w, https:\/\/apelrionegro.com.ar\/sitio2\/wp-content\/uploads\/2023\/08\/5-768x680.jpg 768w\" sizes=\"auto, (max-width: 1012px) 100vw, 1012px\" \/><\/a><\/figure>\n\n\n\n<figure class=\"wp-block-image size-large\"><a href=\"https:\/\/apelrionegro.com.ar\/wp-content\/uploads\/2023\/08\/6.jpg\"><img loading=\"lazy\" decoding=\"async\" width=\"798\" height=\"692\" data-id=\"1278\" src=\"https:\/\/apelrionegro.com.ar\/wp-content\/uploads\/2023\/08\/6.jpg\" alt=\"\" class=\"wp-image-1278\" srcset=\"https:\/\/apelrionegro.com.ar\/sitio2\/wp-content\/uploads\/2023\/08\/6.jpg 798w, https:\/\/apelrionegro.com.ar\/sitio2\/wp-content\/uploads\/2023\/08\/6-300x260.jpg 300w, https:\/\/apelrionegro.com.ar\/sitio2\/wp-content\/uploads\/2023\/08\/6-768x666.jpg 768w\" sizes=\"auto, (max-width: 798px) 100vw, 798px\" \/><\/a><\/figure>\n\n\n\n<figure class=\"wp-block-image size-large\"><a href=\"https:\/\/apelrionegro.com.ar\/wp-content\/uploads\/2023\/08\/7.jpg\"><img loading=\"lazy\" decoding=\"async\" width=\"1024\" height=\"526\" data-id=\"1279\" src=\"https:\/\/apelrionegro.com.ar\/wp-content\/uploads\/2023\/08\/7-1024x526.jpg\" alt=\"\" class=\"wp-image-1279\" srcset=\"https:\/\/apelrionegro.com.ar\/sitio2\/wp-content\/uploads\/2023\/08\/7-1024x526.jpg 1024w, https:\/\/apelrionegro.com.ar\/sitio2\/wp-content\/uploads\/2023\/08\/7-300x154.jpg 300w, https:\/\/apelrionegro.com.ar\/sitio2\/wp-content\/uploads\/2023\/08\/7-768x394.jpg 768w, https:\/\/apelrionegro.com.ar\/sitio2\/wp-content\/uploads\/2023\/08\/7.jpg 1466w\" sizes=\"auto, (max-width: 1024px) 100vw, 1024px\" \/><\/a><\/figure>\n<\/figure>\n","protected":false},"excerpt":{"rendered":"<p>Hoy se realiz\u00f3 en nuestra Sede Gremial la capacitaci\u00f3n a los futuros delegados y delegadas a cargo de la Secretar\u00eda de Capacitaci\u00f3n encabezada por el compa\u00f1ero Sergio Nahuelpan y el Secretario Gremial Pascual Amestica en conjunto con el Secretario de la Delegaci\u00f3n Territorial Viedma Ministerio de Trabajo de la Naci\u00f3n Fernando Fuentes; con el prop\u00f3sito [&hellip;]<\/p>\n","protected":false},"author":3,"featured_media":1271,"comment_status":"closed","ping_status":"","sticky":false,"template":"","format":"standard","meta":{"footnotes":""},"categories":[4,7],"tags":[],"class_list":["post-1270","post","type-post","status-publish","format-standard","has-post-thumbnail","hentry","category-eventos","category-noticias"],"_links":{"self":[{"href":"https:\/\/apelrionegro.com.ar\/sitio2\/wp-json\/wp\/v2\/posts\/1270","targetHints":{"allow":["GET"]}}],"collection":[{"href":"https:\/\/apelrionegro.com.ar\/sitio2\/wp-json\/wp\/v2\/posts"}],"about":[{"href":"https:\/\/apelrionegro.com.ar\/sitio2\/wp-json\/wp\/v2\/types\/post"}],"author":[{"embeddable":true,"href":"https:\/\/apelrionegro.com.ar\/sitio2\/wp-json\/wp\/v2\/users\/3"}],"replies":[{"embeddable":true,"href":"https:\/\/apelrionegro.com.ar\/sitio2\/wp-json\/wp\/v2\/comments?post=1270"}],"version-history":[{"count":1,"href":"https:\/\/apelrionegro.com.ar\/sitio2\/wp-json\/wp\/v2\/posts\/1270\/revisions"}],"predecessor-version":[{"id":1280,"href":"https:\/\/apelrionegro.com.ar\/sitio2\/wp-json\/wp\/v2\/posts\/1270\/revisions\/1280"}],"wp:featuredmedia":[{"embeddable":true,"href":"https:\/\/apelrionegro.com.ar\/sitio2\/wp-json\/wp\/v2\/media\/1271"}],"wp:attachment":[{"href":"https:\/\/apelrionegro.com.ar\/sitio2\/wp-json\/wp\/v2\/media?parent=1270"}],"wp:term":[{"taxonomy":"category","embeddable":true,"href":"https:\/\/apelrionegro.com.ar\/sitio2\/wp-json\/wp\/v2\/categories?post=1270"},{"taxonomy":"post_tag","embeddable":true,"href":"https:\/\/apelrionegro.com.ar\/sitio2\/wp-json\/wp\/v2\/tags?post=1270"}],"curies":[{"name":"wp","href":"https:\/\/api.w.org\/{rel}","templated":true}]}}