{"id":127,"date":"2022-05-23T16:28:06","date_gmt":"2022-05-23T16:28:06","guid":{"rendered":"https:\/\/apelrionegro.com.ar\/?p=127"},"modified":"2022-06-30T22:26:28","modified_gmt":"2022-06-30T22:26:28","slug":"nuevo-acuerdo-salarial","status":"publish","type":"post","link":"https:\/\/apelrionegro.com.ar\/sitio2\/nuevo-acuerdo-salarial\/","title":{"rendered":"NUEVO ACUERDO SALARIAL"},"content":{"rendered":"\n<p>El viernes 20 de mayo del corriente a\u00f1o se reunieron en la Legislatura de R\u00edo Negro nuestro Secretario General Gustavo Mor\u00f3n y el Secretario Gremial Pascual con el Presidente de dicha instituci\u00f3n Alejandro Palmieri y el Secretario Administrativo Emanuel Tobares, para firmar el acuerdo salarial con un aumento para los empleados legislativos del 12 y 8 por ciento (mayo y junio del 2022), m\u00e1s un complemento de $1000 en los haberes de mayo para aplicar al adicional creado por Resoluci\u00f3n n\u00b0 335\/20.<\/p>\n","protected":false},"excerpt":{"rendered":"<p>El viernes 20 de mayo del corriente a\u00f1o se reunieron en la Legislatura de R\u00edo Negro nuestro Secretario General Gustavo Mor\u00f3n y el Secretario Gremial Pascual con el Presidente de dicha instituci\u00f3n Alejandro Palmieri y el Secretario Administrativo Emanuel Tobares, para firmar el acuerdo salarial con un aumento para los empleados legislativos del 12 y [&hellip;]<\/p>\n","protected":false},"author":3,"featured_media":115,"comment_status":"open","ping_status":"open","sticky":false,"template":"","format":"standard","meta":{"footnotes":""},"categories":[8],"tags":[],"class_list":["post-127","post","type-post","status-publish","format-standard","has-post-thumbnail","hentry","category-sociales"],"_links":{"self":[{"href":"https:\/\/apelrionegro.com.ar\/sitio2\/wp-json\/wp\/v2\/posts\/127","targetHints":{"allow":["GET"]}}],"collection":[{"href":"https:\/\/apelrionegro.com.ar\/sitio2\/wp-json\/wp\/v2\/posts"}],"about":[{"href":"https:\/\/apelrionegro.com.ar\/sitio2\/wp-json\/wp\/v2\/types\/post"}],"author":[{"embeddable":true,"href":"https:\/\/apelrionegro.com.ar\/sitio2\/wp-json\/wp\/v2\/users\/3"}],"replies":[{"embeddable":true,"href":"https:\/\/apelrionegro.com.ar\/sitio2\/wp-json\/wp\/v2\/comments?post=127"}],"version-history":[{"count":1,"href":"https:\/\/apelrionegro.com.ar\/sitio2\/wp-json\/wp\/v2\/posts\/127\/revisions"}],"predecessor-version":[{"id":128,"href":"https:\/\/apelrionegro.com.ar\/sitio2\/wp-json\/wp\/v2\/posts\/127\/revisions\/128"}],"wp:featuredmedia":[{"embeddable":true,"href":"https:\/\/apelrionegro.com.ar\/sitio2\/wp-json\/wp\/v2\/media\/115"}],"wp:attachment":[{"href":"https:\/\/apelrionegro.com.ar\/sitio2\/wp-json\/wp\/v2\/media?parent=127"}],"wp:term":[{"taxonomy":"category","embeddable":true,"href":"https:\/\/apelrionegro.com.ar\/sitio2\/wp-json\/wp\/v2\/categories?post=127"},{"taxonomy":"post_tag","embeddable":true,"href":"https:\/\/apelrionegro.com.ar\/sitio2\/wp-json\/wp\/v2\/tags?post=127"}],"curies":[{"name":"wp","href":"https:\/\/api.w.org\/{rel}","templated":true}]}}