{"id":1198,"date":"2023-08-08T14:49:23","date_gmt":"2023-08-08T14:49:23","guid":{"rendered":"https:\/\/apelrionegro.com.ar\/?p=1198"},"modified":"2023-09-07T12:26:21","modified_gmt":"2023-09-07T12:26:21","slug":"listado-de-postulantes-a-la-eleccion-de-delegados","status":"publish","type":"post","link":"https:\/\/apelrionegro.com.ar\/sitio2\/listado-de-postulantes-a-la-eleccion-de-delegados\/","title":{"rendered":"Listado de Postulantes a la Elecci\u00f3n de Delegados"},"content":{"rendered":"\n<p><img loading=\"lazy\" decoding=\"async\" height=\"16\" width=\"16\" alt=\"&#x2705;\" src=\"https:\/\/static.xx.fbcdn.net\/images\/emoji.php\/v9\/t33\/1\/16\/2705.png\">Desde la Comisi\u00f3n Directiva de Apel damos a conocer el listado de postulantes para la Elecci\u00f3n de Delegados que se realizar\u00e1 entre los d\u00edas del 4 al 6 de septiembre del corriente a\u00f1o.<\/p>\n\n\n\n<p><img loading=\"lazy\" decoding=\"async\" height=\"16\" width=\"16\" alt=\"&#x1f449;\" src=\"https:\/\/static.xx.fbcdn.net\/images\/emoji.php\/v9\/t51\/1\/16\/1f449.png\"> Organos de Control:<\/p>\n\n\n\n<p>1 &#8211; Defensor\u00eda del Pueblo (2 candidatos): Rial Mario Daniel. Iba\u00f1ez Ezequiel Pablo.<\/p>\n\n\n\n<p>2 &#8211; Fiscal\u00eda de Investigaciones Adm. (1 candidato): Cevoli Gabriel.<\/p>\n\n\n\n<p>3 &#8211; <a><\/a>Tribunal de Cuentas (2 candidatas): Barila Miriam Graciela. Rodriguez Gabriela Andrea.<\/p>\n\n\n\n<p><img loading=\"lazy\" decoding=\"async\" height=\"16\" width=\"16\" alt=\"&#x1f449;\" src=\"https:\/\/static.xx.fbcdn.net\/images\/emoji.php\/v9\/t51\/1\/16\/1f449.png\"> Sede Central de Legislatura:<\/p>\n\n\n\n<p>Secretar\u00eda Administrativa: Vacante.<\/p>\n\n\n\n<p>Maestranza (1 candidato): Meyer Juan Domingo .<\/p>\n\n\n\n<p>Secretar\u00eda Legislativa: Vacante.<\/p>\n\n\n\n<p><img loading=\"lazy\" decoding=\"async\" height=\"16\" width=\"16\" alt=\"&#x1f449;\" src=\"https:\/\/static.xx.fbcdn.net\/images\/emoji.php\/v9\/t51\/1\/16\/1f449.png\"> Bloques:<\/p>\n\n\n\n<p>Secretar\u00eda Administrativa (2 candidatas y 1 candidatos): Laurin Catalina. Suarez Paola Yanina. Arismendi Ra\u00fal Manuel.<\/p>\n\n\n\n<p>Maestranza (1 candidata y 1 candidato): Guzman Eliana Marisa. Levio Gonzalo Daniel.<\/p>\n\n\n\n<p><a href=\"https:\/\/www.facebook.com\/hashtag\/apelr%C3%ADonegro?__eep__=6&amp;__cft__[0]=AZXDK5DfCSndCfRIFfTEeX2_upP7SZP382AkOt-dch57ksIXtQ97odjcFBgwjz4CHkhBQP9Dd0ARqQdZy4W4kc9q5iiz_hmxxMd2cI6iGujhGgCAkVBlfovkKu6Du7mklreKDvcSYYUUIOCtHWg7gOs7tO4KDhcOOdEJO6t5DHnR0g&amp;__tn__=*NK-R\">#ApelR\u00edoNegro<\/a><\/p>\n\n\n\n<p><a href=\"https:\/\/www.facebook.com\/hashtag\/elecci%C3%B3ndelegados?__eep__=6&amp;__cft__[0]=AZXDK5DfCSndCfRIFfTEeX2_upP7SZP382AkOt-dch57ksIXtQ97odjcFBgwjz4CHkhBQP9Dd0ARqQdZy4W4kc9q5iiz_hmxxMd2cI6iGujhGgCAkVBlfovkKu6Du7mklreKDvcSYYUUIOCtHWg7gOs7tO4KDhcOOdEJO6t5DHnR0g&amp;__tn__=*NK-R\">#elecci\u00f3ndelegados<\/a><\/p>\n","protected":false},"excerpt":{"rendered":"<p>Desde la Comisi\u00f3n Directiva de Apel damos a conocer el listado de postulantes para la Elecci\u00f3n de Delegados que se realizar\u00e1 entre los d\u00edas del 4 al 6 de septiembre del corriente a\u00f1o. Organos de Control: 1 &#8211; Defensor\u00eda del Pueblo (2 candidatos): Rial Mario Daniel. Iba\u00f1ez Ezequiel Pablo. 2 &#8211; Fiscal\u00eda de Investigaciones Adm. [&hellip;]<\/p>\n","protected":false},"author":3,"featured_media":1179,"comment_status":"closed","ping_status":"","sticky":false,"template":"","format":"standard","meta":{"footnotes":""},"categories":[4],"tags":[],"class_list":["post-1198","post","type-post","status-publish","format-standard","has-post-thumbnail","hentry","category-eventos"],"_links":{"self":[{"href":"https:\/\/apelrionegro.com.ar\/sitio2\/wp-json\/wp\/v2\/posts\/1198","targetHints":{"allow":["GET"]}}],"collection":[{"href":"https:\/\/apelrionegro.com.ar\/sitio2\/wp-json\/wp\/v2\/posts"}],"about":[{"href":"https:\/\/apelrionegro.com.ar\/sitio2\/wp-json\/wp\/v2\/types\/post"}],"author":[{"embeddable":true,"href":"https:\/\/apelrionegro.com.ar\/sitio2\/wp-json\/wp\/v2\/users\/3"}],"replies":[{"embeddable":true,"href":"https:\/\/apelrionegro.com.ar\/sitio2\/wp-json\/wp\/v2\/comments?post=1198"}],"version-history":[{"count":1,"href":"https:\/\/apelrionegro.com.ar\/sitio2\/wp-json\/wp\/v2\/posts\/1198\/revisions"}],"predecessor-version":[{"id":1200,"href":"https:\/\/apelrionegro.com.ar\/sitio2\/wp-json\/wp\/v2\/posts\/1198\/revisions\/1200"}],"wp:featuredmedia":[{"embeddable":true,"href":"https:\/\/apelrionegro.com.ar\/sitio2\/wp-json\/wp\/v2\/media\/1179"}],"wp:attachment":[{"href":"https:\/\/apelrionegro.com.ar\/sitio2\/wp-json\/wp\/v2\/media?parent=1198"}],"wp:term":[{"taxonomy":"category","embeddable":true,"href":"https:\/\/apelrionegro.com.ar\/sitio2\/wp-json\/wp\/v2\/categories?post=1198"},{"taxonomy":"post_tag","embeddable":true,"href":"https:\/\/apelrionegro.com.ar\/sitio2\/wp-json\/wp\/v2\/tags?post=1198"}],"curies":[{"name":"wp","href":"https:\/\/api.w.org\/{rel}","templated":true}]}}