{"id":1195,"date":"2023-08-08T14:45:50","date_gmt":"2023-08-08T14:45:50","guid":{"rendered":"https:\/\/apelrionegro.com.ar\/?p=1195"},"modified":"2023-09-07T12:32:08","modified_gmt":"2023-09-07T12:32:08","slug":"consejo-asesor-del-ipross","status":"publish","type":"post","link":"https:\/\/apelrionegro.com.ar\/sitio2\/consejo-asesor-del-ipross\/","title":{"rendered":"Consejo Asesor del Ipross"},"content":{"rendered":"\n<p>Se reuni\u00f3 el Consejo Asesor del Ipross<\/p>\n\n\n\n<p><img loading=\"lazy\" decoding=\"async\" height=\"16\" width=\"16\" alt=\"&#x1f449;\" src=\"https:\/\/static.xx.fbcdn.net\/images\/emoji.php\/v9\/t51\/1\/16\/1f449.png\"> En el encuentro participaron representantes de nuestro gremio Apel y adem\u00e1s Unter, ATE, Viales, Soyem, SITSA y UPCN; se analizaron las distintas problem\u00e1ticas que atraviesa la obra social, as\u00ec como la revalorizaci\u00f3n del espacio del Consejo Asesor y su representaci\u00f3n a trav\u00e9s de las vocal\u00edas gremiales, en la Junta de Administraci\u00f3n.<\/p>\n\n\n\n<p>Los representantes de los distintos sindicatos manifestaron su preocupaci\u00f3n ante la situaci\u00f3n que <a><\/a>atraviesa la Obra Social. Analizando las problem\u00e1ticas propias. As\u00ed como la realidad nacional donde se vislumbra una grave crisis en el sistema sanitario y una marcada mercantilizaci\u00f3n de la salud.<\/p>\n\n\n\n<p>Se plante\u00f3 la necesidad de solicitar una urgente reuni\u00f3n con las autoridades de la Obra Social, donde se presenta el estado financiero, donde se detallan los ingresos y egresos. As\u00ed como la regularidad y tiempos de los dep\u00f3sitos por parte del Gobierno Provincial. Entendiendo que en tiempos inflacionarios, no solo es importante recibir los aportes correspondientes producto del descuento realizado a los trabajadores y trabajadoras, el aporte patronal y los subsidios no reintegrables comprometidos en el presupuesto, sino el tiempo en el que estos se realizan y la previsibilidad que esto implica.<\/p>\n\n\n\n<p>En este mismo sentido, el Consejo Asesor estableci\u00f3 la necesidad de reunirse con mayor regularidad adelantando el an\u00e1lisis y car\u00e1cter del prop\u00f3sito. Ante una posible modificaci\u00f3n del sistema de salud y de las leyes que lo regulan. La defensa de la Obra Social ante la fuerte mercantilizaci\u00f3n y fragmentaci\u00f3n del sistema de salid es una preocupaci\u00f3n. Por esto se analizo, y se llevar\u00e1 como una demanda a las autoridades del Ipross, la necesidad urgente de concretar el convenio con el Laboratorio Provincial Profarse. Este convenio posibilitar\u00e1 brindar mejor asistencia a afiliados cr\u00f3nicos, facilitando el acceso a la medicaci\u00f3n, con un costo mucho menor a la Obra Social. Lo cual a su vez permitir\u00eda mejorar otras prestaciones o cobertura de otros medicamentos.<\/p>\n\n\n\n<p>En cuanto a las preocupaciones propias de la Obra social. Se analizar\u00e1n las distintas realidades a lo largo de la provincia, haciendo especial hincapi\u00e9 en la cobertura de medicamentos, la necesidad de ampliar y mejorar la atenci\u00f3n en el primer nivel de salud, viendo la necesidad de contar con m\u00e1s consultorios propios, la naturalizaci\u00f3n del \u201cplus\u201d en consultas y cirug\u00edas, la urgente regularizaci\u00f3n de los reintegros tal cual el compromiso ya asumido con distintos sindicatos y con las vocal\u00edas gremiales, as\u00ed como facilitar el acceso a distintas prestaciones. Estas y otras demandas, tambi\u00e9n ser\u00e1n llevadas a la reuni\u00f3n con las autoridades de la Obra Social.<\/p>\n\n\n\n<p>Por \u00faltimo, recordamos y reivindicamos la autonom\u00eda del Consejo Asesor, que tiene la potestad de autoconvocarse cada vez que as\u00ed lo considere, siendo \u00fanicamente convocado por las autoridades del Ministerio de Trabajo al momento de la elecci\u00f3n de los vocales gremiales, la cual se llev\u00f3 adelante durante el a\u00f1o pasado, y que reci\u00e9n corresponder\u00e1 nuevamente en el a\u00f1o 2025.<\/p>\n\n\n\n<p><a href=\"https:\/\/www.facebook.com\/hashtag\/apelr%C3%ADonegro?__eep__=6&amp;__cft__[0]=AZVkn6WJ86LXvzCXDqK_XPvPPuPc5KoHDwc0Bkv5KtDcNLbWcCBVvqBTkS_25FPe1SOA00e4NSaQDppC8GZXqPphhGNkXe4yEXFrMgUXQ6rfKnJrZ7pCjmICY6SZF_nNAAJOtDSnH7VtjjtMNNHbdS0L&amp;__tn__=*NK-R\">#ApelR\u00edoNegro<\/a><\/p>\n\n\n\n<p><a href=\"https:\/\/www.facebook.com\/hashtag\/ipross?__eep__=6&amp;__cft__[0]=AZVkn6WJ86LXvzCXDqK_XPvPPuPc5KoHDwc0Bkv5KtDcNLbWcCBVvqBTkS_25FPe1SOA00e4NSaQDppC8GZXqPphhGNkXe4yEXFrMgUXQ6rfKnJrZ7pCjmICY6SZF_nNAAJOtDSnH7VtjjtMNNHbdS0L&amp;__tn__=*NK-R\">#IPROSS<\/a><\/p>\n","protected":false},"excerpt":{"rendered":"<p>Se reuni\u00f3 el Consejo Asesor del Ipross En el encuentro participaron representantes de nuestro gremio Apel y adem\u00e1s Unter, ATE, Viales, Soyem, SITSA y UPCN; se analizaron las distintas problem\u00e1ticas que atraviesa la obra social, as\u00ec como la revalorizaci\u00f3n del espacio del Consejo Asesor y su representaci\u00f3n a trav\u00e9s de las vocal\u00edas gremiales, en la [&hellip;]<\/p>\n","protected":false},"author":3,"featured_media":1196,"comment_status":"closed","ping_status":"closed","sticky":false,"template":"","format":"standard","meta":{"footnotes":""},"categories":[4],"tags":[],"class_list":["post-1195","post","type-post","status-publish","format-standard","has-post-thumbnail","hentry","category-eventos"],"_links":{"self":[{"href":"https:\/\/apelrionegro.com.ar\/sitio2\/wp-json\/wp\/v2\/posts\/1195","targetHints":{"allow":["GET"]}}],"collection":[{"href":"https:\/\/apelrionegro.com.ar\/sitio2\/wp-json\/wp\/v2\/posts"}],"about":[{"href":"https:\/\/apelrionegro.com.ar\/sitio2\/wp-json\/wp\/v2\/types\/post"}],"author":[{"embeddable":true,"href":"https:\/\/apelrionegro.com.ar\/sitio2\/wp-json\/wp\/v2\/users\/3"}],"replies":[{"embeddable":true,"href":"https:\/\/apelrionegro.com.ar\/sitio2\/wp-json\/wp\/v2\/comments?post=1195"}],"version-history":[{"count":1,"href":"https:\/\/apelrionegro.com.ar\/sitio2\/wp-json\/wp\/v2\/posts\/1195\/revisions"}],"predecessor-version":[{"id":1197,"href":"https:\/\/apelrionegro.com.ar\/sitio2\/wp-json\/wp\/v2\/posts\/1195\/revisions\/1197"}],"wp:featuredmedia":[{"embeddable":true,"href":"https:\/\/apelrionegro.com.ar\/sitio2\/wp-json\/wp\/v2\/media\/1196"}],"wp:attachment":[{"href":"https:\/\/apelrionegro.com.ar\/sitio2\/wp-json\/wp\/v2\/media?parent=1195"}],"wp:term":[{"taxonomy":"category","embeddable":true,"href":"https:\/\/apelrionegro.com.ar\/sitio2\/wp-json\/wp\/v2\/categories?post=1195"},{"taxonomy":"post_tag","embeddable":true,"href":"https:\/\/apelrionegro.com.ar\/sitio2\/wp-json\/wp\/v2\/tags?post=1195"}],"curies":[{"name":"wp","href":"https:\/\/api.w.org\/{rel}","templated":true}]}}