{"id":1192,"date":"2023-08-07T13:41:54","date_gmt":"2023-08-07T13:41:54","guid":{"rendered":"https:\/\/apelrionegro.com.ar\/?p=1192"},"modified":"2023-08-07T13:41:54","modified_gmt":"2023-08-07T13:41:54","slug":"estado-de-alerta-y-movilizacion-2","status":"publish","type":"post","link":"https:\/\/apelrionegro.com.ar\/sitio2\/estado-de-alerta-y-movilizacion-2\/","title":{"rendered":"Estado de Alerta y Movilizaci\u00f3n"},"content":{"rendered":"\n<p><img loading=\"lazy\" decoding=\"async\" height=\"16\" width=\"16\" src=\"https:\/\/static.xx.fbcdn.net\/images\/emoji.php\/v9\/t5f\/1\/16\/270a.png\" alt=\"&#x270a;\"> Desde el d\u00eda viernes estamos en Estado de Alerta y Movilizaci\u00f3n, en fuerza de lucha acompa\u00f1ando a las compa\u00f1eras y los compa\u00f1eros en la Defensoria del Pueblo.<\/p>\n\n\n\n<p><img loading=\"lazy\" decoding=\"async\" height=\"16\" width=\"16\" alt=\"&#x1f449;\" src=\"https:\/\/static.xx.fbcdn.net\/images\/emoji.php\/v9\/t51\/1\/16\/1f449.png\"> \u00a1\u00a1Los Derechos Laborales se respetan!!<\/p>\n\n\n\n<p><a href=\"https:\/\/www.facebook.com\/hashtag\/apelr%C3%ADonegro?__eep__=6&amp;__cft__[0]=AZXfghy3s2Z9qTKueKE87gfyOuwqs85e7YyPCZYYdgJ1l-eVTh1_-ZpTQ535jkDJM14TuvUpzcDm1u5oOj9EKW5zi-kZt3sl_Z1TOib82-SCMIl4ptWVXgi-nSv5xsI4jv6ylQjMCbt42ezteb38r6616QMNJsgvRRSvNI1-41i4exXGkKep9XHkbmUD32MzKWw&amp;__tn__=*NK-R\">#ApelR\u00edoNegro<\/a><\/p>\n\n\n\n<p><a href=\"https:\/\/www.facebook.com\/hashtag\/estadodealertaymovilizaci%C3%B3n?__eep__=6&amp;__cft__[0]=AZXfghy3s2Z9qTKueKE87gfyOuwqs85e7YyPCZYYdgJ1l-eVTh1_-ZpTQ535jkDJM14TuvUpzcDm1u5oOj9EKW5zi-kZt3sl_Z1TOib82-SCMIl4ptWVXgi-nSv5xsI4jv6ylQjMCbt42ezteb38r6616QMNJsgvRRSvNI1-41i4exXGkKep9XHkbmUD32MzKWw&amp;__tn__=*NK-R\">#EstadodeAlertayMovilizaci\u00f3n<\/a><\/p>\n\n\n\n<p><a href=\"https:\/\/www.facebook.com\/hashtag\/defensoriadelpueblo?__eep__=6&amp;__cft__[0]=AZXfghy3s2Z9qTKueKE87gfyOuwqs85e7YyPCZYYdgJ1l-eVTh1_-ZpTQ535jkDJM14TuvUpzcDm1u5oOj9EKW5zi-kZt3sl_Z1TOib82-SCMIl4ptWVXgi-nSv5xsI4jv6ylQjMCbt42ezteb38r6616QMNJsgvRRSvNI1-41i4exXGkKep9XHkbmUD32MzKWw&amp;__tn__=*NK-R\">#defensoriadelpueblo<\/a><\/p>\n","protected":false},"excerpt":{"rendered":"<p>Desde el d\u00eda viernes estamos en Estado de Alerta y Movilizaci\u00f3n, en fuerza de lucha acompa\u00f1ando a las compa\u00f1eras y los compa\u00f1eros en la Defensoria del Pueblo. \u00a1\u00a1Los Derechos Laborales se respetan!! #ApelR\u00edoNegro #EstadodeAlertayMovilizaci\u00f3n #defensoriadelpueblo<\/p>\n","protected":false},"author":3,"featured_media":1193,"comment_status":"closed","ping_status":"","sticky":false,"template":"","format":"standard","meta":{"footnotes":""},"categories":[4,7],"tags":[],"class_list":["post-1192","post","type-post","status-publish","format-standard","has-post-thumbnail","hentry","category-eventos","category-noticias"],"_links":{"self":[{"href":"https:\/\/apelrionegro.com.ar\/sitio2\/wp-json\/wp\/v2\/posts\/1192","targetHints":{"allow":["GET"]}}],"collection":[{"href":"https:\/\/apelrionegro.com.ar\/sitio2\/wp-json\/wp\/v2\/posts"}],"about":[{"href":"https:\/\/apelrionegro.com.ar\/sitio2\/wp-json\/wp\/v2\/types\/post"}],"author":[{"embeddable":true,"href":"https:\/\/apelrionegro.com.ar\/sitio2\/wp-json\/wp\/v2\/users\/3"}],"replies":[{"embeddable":true,"href":"https:\/\/apelrionegro.com.ar\/sitio2\/wp-json\/wp\/v2\/comments?post=1192"}],"version-history":[{"count":1,"href":"https:\/\/apelrionegro.com.ar\/sitio2\/wp-json\/wp\/v2\/posts\/1192\/revisions"}],"predecessor-version":[{"id":1194,"href":"https:\/\/apelrionegro.com.ar\/sitio2\/wp-json\/wp\/v2\/posts\/1192\/revisions\/1194"}],"wp:featuredmedia":[{"embeddable":true,"href":"https:\/\/apelrionegro.com.ar\/sitio2\/wp-json\/wp\/v2\/media\/1193"}],"wp:attachment":[{"href":"https:\/\/apelrionegro.com.ar\/sitio2\/wp-json\/wp\/v2\/media?parent=1192"}],"wp:term":[{"taxonomy":"category","embeddable":true,"href":"https:\/\/apelrionegro.com.ar\/sitio2\/wp-json\/wp\/v2\/categories?post=1192"},{"taxonomy":"post_tag","embeddable":true,"href":"https:\/\/apelrionegro.com.ar\/sitio2\/wp-json\/wp\/v2\/tags?post=1192"}],"curies":[{"name":"wp","href":"https:\/\/api.w.org\/{rel}","templated":true}]}}